{"id":53406,"date":"2025-09-08T10:54:55","date_gmt":"2025-09-08T07:54:55","guid":{"rendered":"https:\/\/www.egemtv.com\/?p=53406"},"modified":"2025-09-08T10:54:56","modified_gmt":"2025-09-08T07:54:56","slug":"nazilli-belediyesi-dallicada-kaldirimlari-yeniliyor","status":"publish","type":"post","link":"https:\/\/www.egemtv.com\/?p=53406","title":{"rendered":"Nazilli Belediyesi Dall\u0131ca\u2019da kald\u0131r\u0131mlar\u0131 yeniliyor"},"content":{"rendered":"<p>Nazilli Belediyesi, Dall\u0131ca Mahallesi\u2019nde uzun s\u00fcredir at\u0131l durumda b\u0131rak\u0131lan kald\u0131r\u0131mlar\u0131 yeniliyor.<\/p>\n<p>Mahalle sakinlerinin talepleri do\u011frultusunda harekete ge\u00e7en belediye ekipleri; 4514, 4580 ve 4582 sokaklarda ba\u015flatt\u0131\u011f\u0131 \u00e7al\u0131\u015fmalar\u0131 k\u0131sa s\u00fcrede tamamlad\u0131. Yap\u0131lan yenileme \u00e7al\u0131\u015fmalar\u0131yla birlikte kald\u0131r\u0131mlar hem daha g\u00fcvenli hem de daha konforlu hale getirildi. \u00d6zellikle yaya g\u00fcvenli\u011fini sa\u011flamak amac\u0131yla yap\u0131lan d\u00fczenlemelerin, mahalle halk\u0131n\u0131n g\u00fcnl\u00fck ya\u015fam\u0131n\u0131 kolayla\u015ft\u0131rd\u0131\u011f\u0131n\u0131 ifade eden Dall\u0131ca Mahallesi Muhtar\u0131 Murat Halal, \u00e7al\u0131\u015fmalardan dolay\u0131 Nazilli Belediyesi\u2019ne te\u015fekk\u00fcr ederek, &#8220;Mahallemizin uzun zamand\u0131r ihtiya\u00e7 duydu\u011fu kald\u0131r\u0131mlar\u0131m\u0131z yenilendi. Vatanda\u015flar\u0131m\u0131z art\u0131k daha g\u00fcvenli ve rahat bir \u015fekilde ula\u015f\u0131m sa\u011flayabilecek. Bu hizmetten dolay\u0131 ba\u015fta Belediye Ba\u015fkan\u0131m\u0131z olmak \u00fczere eme\u011fi ge\u00e7en t\u00fcm ekiplere te\u015fekk\u00fcr ediyorum&#8221; ifadelerini kulland\u0131.<\/p>\n<p>\u00c7al\u0131\u015fmalar\u0131n artarak devam edece\u011fini kaydeden Belediye Ba\u015fkan\u0131 Dr. Ertu\u011frul Tetik, &#8220;Hemen hemen her mahallemizde yap\u0131lmay\u0131 bekleyen yollar\u0131m\u0131z var. Hi\u00e7 yolu olmayan sokaklar\u0131m\u0131z var. \u00d6nceli\u011fi onlara vererek en k\u00f6t\u00fcden ba\u015flay\u0131p bir bir t\u00fcm yollar\u0131m\u0131z\u0131 \u015fehrimize yak\u0131\u015f\u0131r bir hale getirece\u011fiz. Halk\u0131m\u0131zdan sab\u0131rl\u0131 olmalar\u0131n\u0131 ve bize g\u00fcvenmelerini istiyoruz. Nazilli\u2019nin yol sorununu \u00e7\u00f6zmek i\u00e7in var g\u00fcc\u00fcm\u00fczle \u00e7al\u0131\u015fmaya devam edece\u011fiz&#8221; dedi.<br \/><\/p>\n","protected":false},"excerpt":{"rendered":"<p>Nazilli Belediyesi, Dall\u0131ca Mahallesi\u2019nde uzun s\u00fcredir at\u0131l durumda b\u0131rak\u0131lan kald\u0131r\u0131mlar\u0131 yeniliyor. Mahalle sakinlerinin talepleri do\u011frultusunda harekete ge\u00e7en belediye ekipleri; 4514, 4580 ve 4582 sokaklarda ba\u015flatt\u0131\u011f\u0131 \u00e7al\u0131\u015fmalar\u0131 k\u0131sa s\u00fcrede tamamlad\u0131. Yap\u0131lan yenileme \u00e7al\u0131\u015fmalar\u0131yla birlikte kald\u0131r\u0131mlar hem daha g\u00fcvenli hem de daha konforlu hale getirildi. \u00d6zellikle yaya g\u00fcvenli\u011fini sa\u011flamak amac\u0131yla yap\u0131lan d\u00fczenlemelerin, mahalle halk\u0131n\u0131n g\u00fcnl\u00fck ya\u015fam\u0131n\u0131 kolayla\u015ft\u0131rd\u0131\u011f\u0131n\u0131&#8230;<\/p>\n","protected":false},"author":1,"featured_media":53407,"comment_status":"open","ping_status":"open","sticky":false,"template":"","format":"standard","meta":{"_crdt_document":"","footnotes":""},"categories":[1],"tags":[],"class_list":["post-53406","post","type-post","status-publish","format-standard","has-post-thumbnail","hentry","category-guncel"],"_links":{"self":[{"href":"https:\/\/www.egemtv.com\/index.php?rest_route=\/wp\/v2\/posts\/53406","targetHints":{"allow":["GET"]}}],"collection":[{"href":"https:\/\/www.egemtv.com\/index.php?rest_route=\/wp\/v2\/posts"}],"about":[{"href":"https:\/\/www.egemtv.com\/index.php?rest_route=\/wp\/v2\/types\/post"}],"author":[{"embeddable":true,"href":"https:\/\/www.egemtv.com\/index.php?rest_route=\/wp\/v2\/users\/1"}],"replies":[{"embeddable":true,"href":"https:\/\/www.egemtv.com\/index.php?rest_route=%2Fwp%2Fv2%2Fcomments&post=53406"}],"version-history":[{"count":1,"href":"https:\/\/www.egemtv.com\/index.php?rest_route=\/wp\/v2\/posts\/53406\/revisions"}],"predecessor-version":[{"id":53408,"href":"https:\/\/www.egemtv.com\/index.php?rest_route=\/wp\/v2\/posts\/53406\/revisions\/53408"}],"wp:featuredmedia":[{"embeddable":true,"href":"https:\/\/www.egemtv.com\/index.php?rest_route=\/wp\/v2\/media\/53407"}],"wp:attachment":[{"href":"https:\/\/www.egemtv.com\/index.php?rest_route=%2Fwp%2Fv2%2Fmedia&parent=53406"}],"wp:term":[{"taxonomy":"category","embeddable":true,"href":"https:\/\/www.egemtv.com\/index.php?rest_route=%2Fwp%2Fv2%2Fcategories&post=53406"},{"taxonomy":"post_tag","embeddable":true,"href":"https:\/\/www.egemtv.com\/index.php?rest_route=%2Fwp%2Fv2%2Ftags&post=53406"}],"curies":[{"name":"wp","href":"https:\/\/api.w.org\/{rel}","templated":true}]}}