{"id":53403,"date":"2025-09-08T10:54:54","date_gmt":"2025-09-08T07:54:54","guid":{"rendered":"https:\/\/www.egemtv.com\/?p=53403"},"modified":"2025-09-08T10:54:55","modified_gmt":"2025-09-08T07:54:55","slug":"bozdogan-kaymakami-polat-zafer-kupasinda-madalya-kazanan-sporculari-tebrik-etti","status":"publish","type":"post","link":"https:\/\/www.egemtv.com\/?p=53403","title":{"rendered":"Bozdo\u011fan Kaymakam\u0131 Polat, Zafer Kupas\u0131\u2019nda madalya kazanan sporcular\u0131 tebrik etti"},"content":{"rendered":"<p>Ayd\u0131n\u2019\u0131n Bozdo\u011fan il\u00e7esinde Zafer Kupas\u0131 Ege B\u00f6lge M\u00fcsabakalar\u0131\u2019nda dereceye giren muay thai sporcular\u0131 makam\u0131nda kabul eden Kaymakam Yunus Emre Polat sporcular\u0131 tebrik etti.<\/p>\n<p>Ayd\u0131n il genelinde d\u00fczenlenen m\u00fcsabakalarda Bozdo\u011fanl\u0131 sporcular \u00f6nemli ba\u015far\u0131lar elde etti. B\u00fcy\u00fck Erkekler 63 kiloda Yi\u011fit Kurt, Alt Gen\u00e7ler 48 kiloda Sueda Ayhan ve Y\u0131ld\u0131zlar 40 kiloda Burak Kartal alt\u0131n madalya kazanarak il\u00e7enin gururu oldu. Ba\u015far\u0131l\u0131 sporcular\u0131 antren\u00f6rleri ve idarecileriyle birlikte makam\u0131nda a\u011f\u0131rlayan Kaymakam Yunus Emre Polat elde edilen derecelerden dolay\u0131 memnuniyetini dile getirdi. Sporcular\u0131 tebrik eden Polat, ba\u015far\u0131lar\u0131n\u0131n devam\u0131n\u0131 dileyerek Bozdo\u011fan\u2019\u0131n ad\u0131n\u0131 sporda daha \u00e7ok duyuracaklar\u0131na inand\u0131\u011f\u0131n\u0131 ifade etti.<br \/><\/p>\n","protected":false},"excerpt":{"rendered":"<p>Ayd\u0131n\u2019\u0131n Bozdo\u011fan il\u00e7esinde Zafer Kupas\u0131 Ege B\u00f6lge M\u00fcsabakalar\u0131\u2019nda dereceye giren muay thai sporcular\u0131 makam\u0131nda kabul eden Kaymakam Yunus Emre Polat sporcular\u0131 tebrik etti. Ayd\u0131n il genelinde d\u00fczenlenen m\u00fcsabakalarda Bozdo\u011fanl\u0131 sporcular \u00f6nemli ba\u015far\u0131lar elde etti. B\u00fcy\u00fck Erkekler 63 kiloda Yi\u011fit Kurt, Alt Gen\u00e7ler 48 kiloda Sueda Ayhan ve Y\u0131ld\u0131zlar 40 kiloda Burak Kartal alt\u0131n madalya kazanarak&#8230;<\/p>\n","protected":false},"author":1,"featured_media":53404,"comment_status":"open","ping_status":"open","sticky":false,"template":"","format":"standard","meta":{"_crdt_document":"","footnotes":""},"categories":[1],"tags":[],"class_list":["post-53403","post","type-post","status-publish","format-standard","has-post-thumbnail","hentry","category-guncel"],"_links":{"self":[{"href":"https:\/\/www.egemtv.com\/index.php?rest_route=\/wp\/v2\/posts\/53403","targetHints":{"allow":["GET"]}}],"collection":[{"href":"https:\/\/www.egemtv.com\/index.php?rest_route=\/wp\/v2\/posts"}],"about":[{"href":"https:\/\/www.egemtv.com\/index.php?rest_route=\/wp\/v2\/types\/post"}],"author":[{"embeddable":true,"href":"https:\/\/www.egemtv.com\/index.php?rest_route=\/wp\/v2\/users\/1"}],"replies":[{"embeddable":true,"href":"https:\/\/www.egemtv.com\/index.php?rest_route=%2Fwp%2Fv2%2Fcomments&post=53403"}],"version-history":[{"count":1,"href":"https:\/\/www.egemtv.com\/index.php?rest_route=\/wp\/v2\/posts\/53403\/revisions"}],"predecessor-version":[{"id":53405,"href":"https:\/\/www.egemtv.com\/index.php?rest_route=\/wp\/v2\/posts\/53403\/revisions\/53405"}],"wp:featuredmedia":[{"embeddable":true,"href":"https:\/\/www.egemtv.com\/index.php?rest_route=\/wp\/v2\/media\/53404"}],"wp:attachment":[{"href":"https:\/\/www.egemtv.com\/index.php?rest_route=%2Fwp%2Fv2%2Fmedia&parent=53403"}],"wp:term":[{"taxonomy":"category","embeddable":true,"href":"https:\/\/www.egemtv.com\/index.php?rest_route=%2Fwp%2Fv2%2Fcategories&post=53403"},{"taxonomy":"post_tag","embeddable":true,"href":"https:\/\/www.egemtv.com\/index.php?rest_route=%2Fwp%2Fv2%2Ftags&post=53403"}],"curies":[{"name":"wp","href":"https:\/\/api.w.org\/{rel}","templated":true}]}}