{"id":53400,"date":"2025-09-08T10:34:50","date_gmt":"2025-09-08T07:34:50","guid":{"rendered":"https:\/\/www.egemtv.com\/?p=53400"},"modified":"2025-09-08T10:34:51","modified_gmt":"2025-09-08T07:34:51","slug":"sahil-guvenlik-2-tekneden-2-vatandasin-tibbi-tahliyesini-gerceklestirdi","status":"publish","type":"post","link":"https:\/\/www.egemtv.com\/?p=53400","title":{"rendered":"Sahil G\u00fcvenlik 2 tekneden 2 vatanda\u015f\u0131n t\u0131bbi tahliyesini ger\u00e7ekle\u015ftirdi"},"content":{"rendered":"<p>Mu\u011fla\u2019n\u0131n Fethiye il\u00e7esi a\u00e7\u0131klar\u0131nda seyreden \u00f6zel ve gezi teknesinde yaralanan ve rahats\u0131zlanan iki vatanda\u015f Sahil G\u00fcvenlik ekipleri taraf\u0131ndan t\u0131bbi tahliyeleri ger\u00e7ekle\u015ftirildi.<br \/>\n<br \/>Fethiye il\u00e7esi a\u00e7\u0131klar\u0131nda seyreden gezi teknesinde yaralanan ve \u00f6zel teknede rahats\u0131zlanan vatanda\u015flar i\u00e7in yard\u0131m \u00e7a\u011fr\u0131s\u0131 yap\u0131ld\u0131. Yap\u0131lan yard\u0131m \u00e7a\u011fr\u0131s\u0131 sonras\u0131 b\u00f6lgede bulunan Sahil G\u00fcvenlik ekipleri taraf\u0131ndan 2 vatanda\u015f k\u0131y\u0131da bekleyen 112 ambulans ekiplerine teslim etti.<br \/><\/p>\n","protected":false},"excerpt":{"rendered":"<p>Mu\u011fla\u2019n\u0131n Fethiye il\u00e7esi a\u00e7\u0131klar\u0131nda seyreden \u00f6zel ve gezi teknesinde yaralanan ve rahats\u0131zlanan iki vatanda\u015f Sahil G\u00fcvenlik ekipleri taraf\u0131ndan t\u0131bbi tahliyeleri ger\u00e7ekle\u015ftirildi. Fethiye il\u00e7esi a\u00e7\u0131klar\u0131nda seyreden gezi teknesinde yaralanan ve \u00f6zel teknede rahats\u0131zlanan vatanda\u015flar i\u00e7in yard\u0131m \u00e7a\u011fr\u0131s\u0131 yap\u0131ld\u0131. Yap\u0131lan yard\u0131m \u00e7a\u011fr\u0131s\u0131 sonras\u0131 b\u00f6lgede bulunan Sahil G\u00fcvenlik ekipleri taraf\u0131ndan 2 vatanda\u015f k\u0131y\u0131da bekleyen 112 ambulans ekiplerine teslim&#8230;<\/p>\n","protected":false},"author":1,"featured_media":53401,"comment_status":"open","ping_status":"open","sticky":false,"template":"","format":"standard","meta":{"_crdt_document":"","footnotes":""},"categories":[2],"tags":[],"class_list":["post-53400","post","type-post","status-publish","format-standard","has-post-thumbnail","hentry","category-saglik"],"_links":{"self":[{"href":"https:\/\/www.egemtv.com\/index.php?rest_route=\/wp\/v2\/posts\/53400","targetHints":{"allow":["GET"]}}],"collection":[{"href":"https:\/\/www.egemtv.com\/index.php?rest_route=\/wp\/v2\/posts"}],"about":[{"href":"https:\/\/www.egemtv.com\/index.php?rest_route=\/wp\/v2\/types\/post"}],"author":[{"embeddable":true,"href":"https:\/\/www.egemtv.com\/index.php?rest_route=\/wp\/v2\/users\/1"}],"replies":[{"embeddable":true,"href":"https:\/\/www.egemtv.com\/index.php?rest_route=%2Fwp%2Fv2%2Fcomments&post=53400"}],"version-history":[{"count":1,"href":"https:\/\/www.egemtv.com\/index.php?rest_route=\/wp\/v2\/posts\/53400\/revisions"}],"predecessor-version":[{"id":53402,"href":"https:\/\/www.egemtv.com\/index.php?rest_route=\/wp\/v2\/posts\/53400\/revisions\/53402"}],"wp:featuredmedia":[{"embeddable":true,"href":"https:\/\/www.egemtv.com\/index.php?rest_route=\/wp\/v2\/media\/53401"}],"wp:attachment":[{"href":"https:\/\/www.egemtv.com\/index.php?rest_route=%2Fwp%2Fv2%2Fmedia&parent=53400"}],"wp:term":[{"taxonomy":"category","embeddable":true,"href":"https:\/\/www.egemtv.com\/index.php?rest_route=%2Fwp%2Fv2%2Fcategories&post=53400"},{"taxonomy":"post_tag","embeddable":true,"href":"https:\/\/www.egemtv.com\/index.php?rest_route=%2Fwp%2Fv2%2Ftags&post=53400"}],"curies":[{"name":"wp","href":"https:\/\/api.w.org\/{rel}","templated":true}]}}