{"id":53397,"date":"2025-09-08T10:34:50","date_gmt":"2025-09-08T07:34:50","guid":{"rendered":"https:\/\/www.egemtv.com\/?p=53397"},"modified":"2025-09-08T10:34:50","modified_gmt":"2025-09-08T07:34:50","slug":"darp-edilen-kadini-halk-otobusu-soforleri-kurtardi","status":"publish","type":"post","link":"https:\/\/www.egemtv.com\/?p=53397","title":{"rendered":"Darp edilen kad\u0131n\u0131 halk otob\u00fcs\u00fc \u015fof\u00f6rleri kurtard\u0131"},"content":{"rendered":"<p>DEN\u0130ZL\u0130 (\u0130HA) \u2013 Denizli\u2019nin Merkezefendi il\u00e7esinde otomobil i\u00e7erisinde darp edilen kad\u0131n, mesaiden \u00e7\u0131kan halk otob\u00fcs\u00fc \u015fof\u00f6rleri taraf\u0131ndan kurtar\u0131ld\u0131.<\/p>\n<p>Olay, \u00f6nceki gece saat 00.50 s\u0131ralar\u0131nda Merkezefendi il\u00e7esi S\u00fcmer Mahallesi \u00c7al Caddesinde bulunan Denizli B\u00fcy\u00fck\u015fehir Belediyesi Ula\u015f\u0131m A.\u015e. yak\u0131nlar\u0131nda meydana geldi. Edinilen bilgiye g\u00f6re; son seferlerini ger\u00e7ekle\u015ftirerek mesailerini tamamlayan belediye halk otob\u00fcs\u00fc \u015fof\u00f6rleri, evlerine gitmek i\u00e7in servisle yola \u00e7\u0131kt\u0131. K\u0131rm\u0131z\u0131 \u0131\u015f\u0131kta duran servisteki \u015fof\u00f6rler, kar\u015f\u0131 y\u00f6nde \u0131\u015f\u0131klarda duran bir otomobildeki erkek \u015fahs\u0131n yolcu koltu\u011fundaki kad\u0131n\u0131 darp etti\u011fini fark etti.<\/p>\n<p>Hemen servis arac\u0131ndan inen \u015fof\u00f6rler, olaya m\u00fcdahale etti. Taraflar\u0131n aras\u0131na giren \u015fof\u00f6rler, bir taraftan \u00f6fkeli adam\u0131 sakinle\u015ftirmeye \u00e7al\u0131\u015f\u0131rken, di\u011fer taraftan ise otomobilden indirdikleri kad\u0131n\u0131 b\u00f6lgeden uzakla\u015ft\u0131rmaya \u00e7al\u0131\u015ft\u0131. Bir ara \u015fof\u00f6rlerin elinden kurutulan \u015fah\u0131s, darp etti\u011fi kad\u0131n\u0131 kovalamaya \u00e7al\u0131\u015fsa da otob\u00fcs \u015fof\u00f6rleri k\u0131sa s\u00fcrede onu yakaland\u0131. Kad\u0131n g\u00fcvenli bir alana g\u00f6t\u00fcr\u00fcld\u00fckten sonra olay polise ihbar edildi. Olay yerine gelen polis ekipleri, kad\u0131n ve onu darp eden \u015fahs\u0131, ifadelerini almak \u00fczere karakola g\u00f6t\u00fcrd\u00fc.<br \/><\/p>\n","protected":false},"excerpt":{"rendered":"<p>DEN\u0130ZL\u0130 (\u0130HA) \u2013 Denizli\u2019nin Merkezefendi il\u00e7esinde otomobil i\u00e7erisinde darp edilen kad\u0131n, mesaiden \u00e7\u0131kan halk otob\u00fcs\u00fc \u015fof\u00f6rleri taraf\u0131ndan kurtar\u0131ld\u0131. Olay, \u00f6nceki gece saat 00.50 s\u0131ralar\u0131nda Merkezefendi il\u00e7esi S\u00fcmer Mahallesi \u00c7al Caddesinde bulunan Denizli B\u00fcy\u00fck\u015fehir Belediyesi Ula\u015f\u0131m A.\u015e. yak\u0131nlar\u0131nda meydana geldi. Edinilen bilgiye g\u00f6re; son seferlerini ger\u00e7ekle\u015ftirerek mesailerini tamamlayan belediye halk otob\u00fcs\u00fc \u015fof\u00f6rleri, evlerine gitmek i\u00e7in servisle&#8230;<\/p>\n","protected":false},"author":1,"featured_media":53398,"comment_status":"open","ping_status":"open","sticky":false,"template":"","format":"standard","meta":{"_crdt_document":"","footnotes":""},"categories":[5],"tags":[],"class_list":["post-53397","post","type-post","status-publish","format-standard","has-post-thumbnail","hentry","category-asayis"],"_links":{"self":[{"href":"https:\/\/www.egemtv.com\/index.php?rest_route=\/wp\/v2\/posts\/53397","targetHints":{"allow":["GET"]}}],"collection":[{"href":"https:\/\/www.egemtv.com\/index.php?rest_route=\/wp\/v2\/posts"}],"about":[{"href":"https:\/\/www.egemtv.com\/index.php?rest_route=\/wp\/v2\/types\/post"}],"author":[{"embeddable":true,"href":"https:\/\/www.egemtv.com\/index.php?rest_route=\/wp\/v2\/users\/1"}],"replies":[{"embeddable":true,"href":"https:\/\/www.egemtv.com\/index.php?rest_route=%2Fwp%2Fv2%2Fcomments&post=53397"}],"version-history":[{"count":1,"href":"https:\/\/www.egemtv.com\/index.php?rest_route=\/wp\/v2\/posts\/53397\/revisions"}],"predecessor-version":[{"id":53399,"href":"https:\/\/www.egemtv.com\/index.php?rest_route=\/wp\/v2\/posts\/53397\/revisions\/53399"}],"wp:featuredmedia":[{"embeddable":true,"href":"https:\/\/www.egemtv.com\/index.php?rest_route=\/wp\/v2\/media\/53398"}],"wp:attachment":[{"href":"https:\/\/www.egemtv.com\/index.php?rest_route=%2Fwp%2Fv2%2Fmedia&parent=53397"}],"wp:term":[{"taxonomy":"category","embeddable":true,"href":"https:\/\/www.egemtv.com\/index.php?rest_route=%2Fwp%2Fv2%2Fcategories&post=53397"},{"taxonomy":"post_tag","embeddable":true,"href":"https:\/\/www.egemtv.com\/index.php?rest_route=%2Fwp%2Fv2%2Ftags&post=53397"}],"curies":[{"name":"wp","href":"https:\/\/api.w.org\/{rel}","templated":true}]}}