{"id":53394,"date":"2025-09-08T10:15:13","date_gmt":"2025-09-08T07:15:13","guid":{"rendered":"https:\/\/www.egemtv.com\/?p=53394"},"modified":"2025-09-08T10:15:14","modified_gmt":"2025-09-08T07:15:14","slug":"incirliovada-11-bin-ogrenci-ders-basi-yapti","status":"publish","type":"post","link":"https:\/\/www.egemtv.com\/?p=53394","title":{"rendered":"\u0130ncirliova\u2019da 11 bin \u00f6\u011frenci ders ba\u015f\u0131 yapt\u0131"},"content":{"rendered":"<p>Ayd\u0131n\u2019\u0131n \u0130ncirliova il\u00e7esinde 11 bin 903 \u00f6\u011frenci ve 628 \u00f6\u011fretmen ders ba\u015f\u0131 yapt\u0131.<\/p>\n<p>2025-2026 E\u011fitim-\u00d6\u011fretim Y\u0131l\u0131 dolay\u0131s\u0131yla \u0130ncirliova \u0130l\u00e7e Milli E\u011fitim M\u00fcd\u00fcrl\u00fc\u011f\u00fc taraf\u0131ndan Cumhuriyet Meydan\u0131\u2019nda d\u00fczenlenen Atat\u00fcrk An\u0131t\u0131\u2019na \u00c7elenk Sunma T\u00f6reni yap\u0131ld\u0131. \u00d6\u011fretmen ve \u00f6\u011frencilerin kat\u0131ld\u0131\u011f\u0131 programa, \u0130ncirliova Belediye Ba\u015fkan Yard\u0131mc\u0131s\u0131 \u00c7etin Bayatl\u0131 da kat\u0131l\u0131m sa\u011flad\u0131. \u00c7elenk t\u00f6reninin ard\u0131ndan \u0130ncirliova\u2019da 11 bin 903 \u00f6\u011frenci ve 628 \u00f6\u011fretmen okullar\u0131na kavu\u015ftu.<br \/><\/p>\n","protected":false},"excerpt":{"rendered":"<p>Ayd\u0131n\u2019\u0131n \u0130ncirliova il\u00e7esinde 11 bin 903 \u00f6\u011frenci ve 628 \u00f6\u011fretmen ders ba\u015f\u0131 yapt\u0131. 2025-2026 E\u011fitim-\u00d6\u011fretim Y\u0131l\u0131 dolay\u0131s\u0131yla \u0130ncirliova \u0130l\u00e7e Milli E\u011fitim M\u00fcd\u00fcrl\u00fc\u011f\u00fc taraf\u0131ndan Cumhuriyet Meydan\u0131\u2019nda d\u00fczenlenen Atat\u00fcrk An\u0131t\u0131\u2019na \u00c7elenk Sunma T\u00f6reni yap\u0131ld\u0131. \u00d6\u011fretmen ve \u00f6\u011frencilerin kat\u0131ld\u0131\u011f\u0131 programa, \u0130ncirliova Belediye Ba\u015fkan Yard\u0131mc\u0131s\u0131 \u00c7etin Bayatl\u0131 da kat\u0131l\u0131m sa\u011flad\u0131. \u00c7elenk t\u00f6reninin ard\u0131ndan \u0130ncirliova\u2019da 11 bin 903 \u00f6\u011frenci ve&#8230;<\/p>\n","protected":false},"author":1,"featured_media":53395,"comment_status":"open","ping_status":"open","sticky":false,"template":"","format":"standard","meta":{"_crdt_document":"","footnotes":""},"categories":[1],"tags":[],"class_list":["post-53394","post","type-post","status-publish","format-standard","has-post-thumbnail","hentry","category-guncel"],"_links":{"self":[{"href":"https:\/\/www.egemtv.com\/index.php?rest_route=\/wp\/v2\/posts\/53394","targetHints":{"allow":["GET"]}}],"collection":[{"href":"https:\/\/www.egemtv.com\/index.php?rest_route=\/wp\/v2\/posts"}],"about":[{"href":"https:\/\/www.egemtv.com\/index.php?rest_route=\/wp\/v2\/types\/post"}],"author":[{"embeddable":true,"href":"https:\/\/www.egemtv.com\/index.php?rest_route=\/wp\/v2\/users\/1"}],"replies":[{"embeddable":true,"href":"https:\/\/www.egemtv.com\/index.php?rest_route=%2Fwp%2Fv2%2Fcomments&post=53394"}],"version-history":[{"count":1,"href":"https:\/\/www.egemtv.com\/index.php?rest_route=\/wp\/v2\/posts\/53394\/revisions"}],"predecessor-version":[{"id":53396,"href":"https:\/\/www.egemtv.com\/index.php?rest_route=\/wp\/v2\/posts\/53394\/revisions\/53396"}],"wp:featuredmedia":[{"embeddable":true,"href":"https:\/\/www.egemtv.com\/index.php?rest_route=\/wp\/v2\/media\/53395"}],"wp:attachment":[{"href":"https:\/\/www.egemtv.com\/index.php?rest_route=%2Fwp%2Fv2%2Fmedia&parent=53394"}],"wp:term":[{"taxonomy":"category","embeddable":true,"href":"https:\/\/www.egemtv.com\/index.php?rest_route=%2Fwp%2Fv2%2Fcategories&post=53394"},{"taxonomy":"post_tag","embeddable":true,"href":"https:\/\/www.egemtv.com\/index.php?rest_route=%2Fwp%2Fv2%2Ftags&post=53394"}],"curies":[{"name":"wp","href":"https:\/\/api.w.org\/{rel}","templated":true}]}}