{"id":53391,"date":"2025-09-08T10:15:12","date_gmt":"2025-09-08T07:15:12","guid":{"rendered":"https:\/\/www.egemtv.com\/?p=53391"},"modified":"2025-09-08T10:15:13","modified_gmt":"2025-09-08T07:15:13","slug":"golde-karaya-oturan-kayiklar-korkutucu-manzara-olusturdu","status":"publish","type":"post","link":"https:\/\/www.egemtv.com\/?p=53391","title":{"rendered":"G\u00f6lde karaya oturan kay\u0131klar korkutucu manzara olu\u015fturdu"},"content":{"rendered":"<p>Yaz d\u00f6neminin kurak ge\u00e7ti\u011fi Afyonkarahisar\u2019da, Eber G\u00f6l\u00fc i\u00e7in \u00e7alan tehlike \u00e7anlar\u0131 artarak devam ediyor. T\u00fcrkiye\u2019nin en b\u00fcy\u00fck g\u00f6llerinden birisi olan Eber G\u00f6l\u00fc\u2019nde bir zamanlar sazl\u0131klar\u0131n aras\u0131nda gezen kay\u0131klar \u015fimdilerde karaya oturan g\u00f6r\u00fcnt\u00fcs\u00fcyle g\u00f6renlerin i\u00e7ini s\u0131zlatt\u0131.<br \/>\n<br \/>K\u00fcresel \u0131s\u0131nma ve iklim de\u011fi\u015fikli\u011fi ile son y\u0131llarda ortaya \u00e7\u0131kan kurakl\u0131k y\u00fcz\u00fcnden su seviyesinin yakla\u015f\u0131k y\u00fczde 40 azald\u0131\u011f\u0131 ile adeta \u00e7evre felaketinin y\u00fcz\u00fc oldu. T\u00fcrkiye\u2019nin 12\u2019nci b\u00fcy\u00fck g\u00f6l\u00fc olan Eber G\u00f6l\u00fc \u00e7ok say\u0131da endemik bitki t\u00fcr\u00fc ile ku\u015flara da ev sahipli\u011fi yap\u0131yor. G\u00f6lde son y\u0131llarda kurakl\u0131k, iklim de\u011fi\u015fli\u011fi ve bilin\u00e7siz sulamaya ba\u011fl\u0131 olarak ya\u015fanan su \u00e7ekilmesi korkutucu boyutlara ula\u015f\u0131rken, \u00f6nceki y\u0131llarda bal\u0131k tutanlar, avc\u0131l\u0131k yapanlar ve en \u00f6nemlisi kam\u0131\u015f toplay\u0131c\u0131lar\u0131n\u0131n kay\u0131klarla ilerledi\u011fi yerlerde sular\u0131n \u00e7ekilmesi ile \u015fimdi motorlu ta\u015f\u0131tlarla a\u00e7\u0131lan yollardan g\u00f6l suyunu ula\u015f\u0131l\u0131yor. G\u00f6lde kullan\u0131lan ve \u015fimdilerde karaya oturan kay\u0131klar ise \u00fcrk\u00fcten manzaras\u0131 ile adeta bir kay\u0131k mezarl\u0131\u011f\u0131n\u0131 hat\u0131rlat\u0131yor.<\/p>\n<p>&#8220;G\u00f6ldeki su seviyesi y\u00fczde 2 seviyelerinde&#8221;<br \/>\n<br \/>Eber G\u00f6l\u00fc Alan K\u0131lavuz ve Rehberi Kadir Ate\u015f, g\u00f6ldeki manzarayla ilgili \u0130hlas Haber Ajans\u0131 (\u0130HA) muhabirine yapt\u0131\u011f\u0131 a\u00e7\u0131klamada, &#8220;Eber G\u00f6l\u00fc\u2019nde \u015fuan suyun olmamas\u0131, teknelerin karada kalmas\u0131, canl\u0131lar\u0131n suda y\u00fczememesi bizleri ger\u00e7ekten \u00e7ok \u00fczmekte. Eskiden 145 kilometrekarelik alana sahip olan g\u00f6l \u015fuanda bitme seviyesine ula\u015ft\u0131 ve g\u00f6ldeki su seviyesi y\u00fczde 2 seviyelerinde. Eber G\u00f6l\u00fc\u2019nde su olursa hayata tekrar canlan\u0131r, b\u00f6lge ekonomisi canlan\u0131r ve g\u00f6l \u00e7ocuklar\u0131m\u0131za miras kal\u0131r&#8221; diye konu\u015ftu.<br \/><\/p>\n","protected":false},"excerpt":{"rendered":"<p>Yaz d\u00f6neminin kurak ge\u00e7ti\u011fi Afyonkarahisar\u2019da, Eber G\u00f6l\u00fc i\u00e7in \u00e7alan tehlike \u00e7anlar\u0131 artarak devam ediyor. T\u00fcrkiye\u2019nin en b\u00fcy\u00fck g\u00f6llerinden birisi olan Eber G\u00f6l\u00fc\u2019nde bir zamanlar sazl\u0131klar\u0131n aras\u0131nda gezen kay\u0131klar \u015fimdilerde karaya oturan g\u00f6r\u00fcnt\u00fcs\u00fcyle g\u00f6renlerin i\u00e7ini s\u0131zlatt\u0131. K\u00fcresel \u0131s\u0131nma ve iklim de\u011fi\u015fikli\u011fi ile son y\u0131llarda ortaya \u00e7\u0131kan kurakl\u0131k y\u00fcz\u00fcnden su seviyesinin yakla\u015f\u0131k y\u00fczde 40 azald\u0131\u011f\u0131 ile adeta&#8230;<\/p>\n","protected":false},"author":1,"featured_media":53392,"comment_status":"open","ping_status":"open","sticky":false,"template":"","format":"standard","meta":{"_crdt_document":"","footnotes":""},"categories":[1],"tags":[],"class_list":["post-53391","post","type-post","status-publish","format-standard","has-post-thumbnail","hentry","category-guncel"],"_links":{"self":[{"href":"https:\/\/www.egemtv.com\/index.php?rest_route=\/wp\/v2\/posts\/53391","targetHints":{"allow":["GET"]}}],"collection":[{"href":"https:\/\/www.egemtv.com\/index.php?rest_route=\/wp\/v2\/posts"}],"about":[{"href":"https:\/\/www.egemtv.com\/index.php?rest_route=\/wp\/v2\/types\/post"}],"author":[{"embeddable":true,"href":"https:\/\/www.egemtv.com\/index.php?rest_route=\/wp\/v2\/users\/1"}],"replies":[{"embeddable":true,"href":"https:\/\/www.egemtv.com\/index.php?rest_route=%2Fwp%2Fv2%2Fcomments&post=53391"}],"version-history":[{"count":1,"href":"https:\/\/www.egemtv.com\/index.php?rest_route=\/wp\/v2\/posts\/53391\/revisions"}],"predecessor-version":[{"id":53393,"href":"https:\/\/www.egemtv.com\/index.php?rest_route=\/wp\/v2\/posts\/53391\/revisions\/53393"}],"wp:featuredmedia":[{"embeddable":true,"href":"https:\/\/www.egemtv.com\/index.php?rest_route=\/wp\/v2\/media\/53392"}],"wp:attachment":[{"href":"https:\/\/www.egemtv.com\/index.php?rest_route=%2Fwp%2Fv2%2Fmedia&parent=53391"}],"wp:term":[{"taxonomy":"category","embeddable":true,"href":"https:\/\/www.egemtv.com\/index.php?rest_route=%2Fwp%2Fv2%2Fcategories&post=53391"},{"taxonomy":"post_tag","embeddable":true,"href":"https:\/\/www.egemtv.com\/index.php?rest_route=%2Fwp%2Fv2%2Ftags&post=53391"}],"curies":[{"name":"wp","href":"https:\/\/api.w.org\/{rel}","templated":true}]}}