{"id":53385,"date":"2025-09-08T10:15:10","date_gmt":"2025-09-08T07:15:10","guid":{"rendered":"https:\/\/www.egemtv.com\/?p=53385"},"modified":"2025-09-08T10:15:11","modified_gmt":"2025-09-08T07:15:11","slug":"marmariste-barda-silahli-kavga-2-yarali","status":"publish","type":"post","link":"https:\/\/www.egemtv.com\/?p=53385","title":{"rendered":"Marmaris\u2019te barda silahl\u0131 kavga: 2 yaral\u0131"},"content":{"rendered":"<p>Mu\u011fla\u2019n\u0131n Marmaris il\u00e7esinde Barlar Soka\u011f\u0131\u2019nda bulunan bir e\u011flence mekan\u0131nda \u00e7\u0131kan silahl\u0131 kavgada 2 ki\u015fi yaraland\u0131.<\/p>\n<p>Olay, Tepe Mahallesi 39. Sokak\u2019ta bulunan bir barda saat 07.20 s\u0131ralar\u0131nda meydana geldi. Edinilen bilgiye g\u00f6re, H.A. (23), A.C.N. (24), B.S. (27) ve Z.\u00c7. isimli \u015fah\u0131slar aras\u0131nda hen\u00fcz bilinmeyen bir nedenle tart\u0131\u015fma \u00e7\u0131kt\u0131. Tart\u0131\u015fma b\u00fcy\u00fcyerek silahl\u0131 kavgaya d\u00f6n\u00fc\u015ft\u00fc. Kavgada H.A. ve A.C.N. isimli \u015fah\u0131slar v\u00fccutlar\u0131n\u0131n \u00e7e\u015fitli yerlerine isabet eden mermilerle yaraland\u0131. Silah seslerini duyan vatanda\u015flar durumu 112 Acil \u00c7a\u011fr\u0131 Merkezi\u2019ne bildirdi. \u0130hbar \u00fczerine b\u00f6lgeye sa\u011fl\u0131k ve polis ekipleri sevk edildi. K\u0131sa s\u00fcrede olay yerine gelen sa\u011fl\u0131k ekipleri yaral\u0131lar\u0131 ilk m\u00fcdahalelerini yaparak ambulansla hastaneye kald\u0131rd\u0131. Hastanede tedavi alt\u0131na al\u0131nan H.A.\u2019n\u0131n bilincinin kapal\u0131 oldu\u011fu ve hayati tehlikesinin bulundu\u011fu \u00f6\u011frenildi.<\/p>\n<p>Ya\u015fanan olay\u0131n ard\u0131ndan olay\u0131n \u015f\u00fcphelilerinden B.S. polis ekipleri taraf\u0131ndan yakalanarak g\u00f6zalt\u0131na al\u0131n\u0131rken, bar\u0131n i\u015fletmecisi oldu\u011fu \u00f6\u011frenilen Z.\u00c7.\u2019nin ise yakalanmas\u0131na y\u00f6nelik \u00e7al\u0131\u015fmalar s\u00fcr\u00fcyor.<\/p>\n<p>Olayla ilgili soru\u015fturma s\u00fcr\u00fcyor.<br \/><\/p>\n","protected":false},"excerpt":{"rendered":"<p>Mu\u011fla\u2019n\u0131n Marmaris il\u00e7esinde Barlar Soka\u011f\u0131\u2019nda bulunan bir e\u011flence mekan\u0131nda \u00e7\u0131kan silahl\u0131 kavgada 2 ki\u015fi yaraland\u0131. Olay, Tepe Mahallesi 39. Sokak\u2019ta bulunan bir barda saat 07.20 s\u0131ralar\u0131nda meydana geldi. Edinilen bilgiye g\u00f6re, H.A. (23), A.C.N. (24), B.S. (27) ve Z.\u00c7. isimli \u015fah\u0131slar aras\u0131nda hen\u00fcz bilinmeyen bir nedenle tart\u0131\u015fma \u00e7\u0131kt\u0131. Tart\u0131\u015fma b\u00fcy\u00fcyerek silahl\u0131 kavgaya d\u00f6n\u00fc\u015ft\u00fc. Kavgada H.A&#8230;.<\/p>\n","protected":false},"author":1,"featured_media":53386,"comment_status":"open","ping_status":"open","sticky":false,"template":"","format":"standard","meta":{"_crdt_document":"","footnotes":""},"categories":[5],"tags":[],"class_list":["post-53385","post","type-post","status-publish","format-standard","has-post-thumbnail","hentry","category-asayis"],"_links":{"self":[{"href":"https:\/\/www.egemtv.com\/index.php?rest_route=\/wp\/v2\/posts\/53385","targetHints":{"allow":["GET"]}}],"collection":[{"href":"https:\/\/www.egemtv.com\/index.php?rest_route=\/wp\/v2\/posts"}],"about":[{"href":"https:\/\/www.egemtv.com\/index.php?rest_route=\/wp\/v2\/types\/post"}],"author":[{"embeddable":true,"href":"https:\/\/www.egemtv.com\/index.php?rest_route=\/wp\/v2\/users\/1"}],"replies":[{"embeddable":true,"href":"https:\/\/www.egemtv.com\/index.php?rest_route=%2Fwp%2Fv2%2Fcomments&post=53385"}],"version-history":[{"count":1,"href":"https:\/\/www.egemtv.com\/index.php?rest_route=\/wp\/v2\/posts\/53385\/revisions"}],"predecessor-version":[{"id":53387,"href":"https:\/\/www.egemtv.com\/index.php?rest_route=\/wp\/v2\/posts\/53385\/revisions\/53387"}],"wp:featuredmedia":[{"embeddable":true,"href":"https:\/\/www.egemtv.com\/index.php?rest_route=\/wp\/v2\/media\/53386"}],"wp:attachment":[{"href":"https:\/\/www.egemtv.com\/index.php?rest_route=%2Fwp%2Fv2%2Fmedia&parent=53385"}],"wp:term":[{"taxonomy":"category","embeddable":true,"href":"https:\/\/www.egemtv.com\/index.php?rest_route=%2Fwp%2Fv2%2Fcategories&post=53385"},{"taxonomy":"post_tag","embeddable":true,"href":"https:\/\/www.egemtv.com\/index.php?rest_route=%2Fwp%2Fv2%2Ftags&post=53385"}],"curies":[{"name":"wp","href":"https:\/\/api.w.org\/{rel}","templated":true}]}}