{"id":53382,"date":"2025-09-08T10:15:09","date_gmt":"2025-09-08T07:15:09","guid":{"rendered":"https:\/\/www.egemtv.com\/?p=53382"},"modified":"2025-09-08T10:15:10","modified_gmt":"2025-09-08T07:15:10","slug":"balcovada-polis-karakoluna-saldiri-2-sehit-1-yarali","status":"publish","type":"post","link":"https:\/\/www.egemtv.com\/?p=53382","title":{"rendered":"Bal\u00e7ova\u2019da polis karakoluna sald\u0131r\u0131: 2 \u015fehit, 1 yaral\u0131"},"content":{"rendered":"<p>\u0130zmir\u2019in Bal\u00e7ova il\u00e7esinde bir polis karakoluna d\u00fczenlenen silahl\u0131 sald\u0131r\u0131da 2 polis \u015fehit oldu, 1 polis a\u011f\u0131r yaraland\u0131. Sald\u0131r\u0131n\u0131n 16 ya\u015f\u0131nda bir \u00e7ocuk taraf\u0131ndan pompal\u0131 t\u00fcfekle yap\u0131ld\u0131\u011f\u0131 \u00f6\u011frenildi.<br \/>\n<br \/>Bal\u00e7ova il\u00e7esinde bulunan Salih \u0130\u015fg\u00f6ren Polis Merkezi\u2019ne y\u00f6nelik bu sabah bir sald\u0131r\u0131 d\u00fczenlendi. 16 ya\u015f\u0131nda bir \u00e7ocuk taraf\u0131ndan pompal\u0131 t\u00fcfekle yap\u0131ld\u0131\u011f\u0131 belirtilen sald\u0131r\u0131da, 2 polis memuru \u015fehit oldu, 1 polis a\u011f\u0131r yaraland\u0131. Olay yerinde incelemeler s\u00fcr\u00fcyor.<br \/><\/p>\n","protected":false},"excerpt":{"rendered":"<p>\u0130zmir\u2019in Bal\u00e7ova il\u00e7esinde bir polis karakoluna d\u00fczenlenen silahl\u0131 sald\u0131r\u0131da 2 polis \u015fehit oldu, 1 polis a\u011f\u0131r yaraland\u0131. Sald\u0131r\u0131n\u0131n 16 ya\u015f\u0131nda bir \u00e7ocuk taraf\u0131ndan pompal\u0131 t\u00fcfekle yap\u0131ld\u0131\u011f\u0131 \u00f6\u011frenildi. Bal\u00e7ova il\u00e7esinde bulunan Salih \u0130\u015fg\u00f6ren Polis Merkezi\u2019ne y\u00f6nelik bu sabah bir sald\u0131r\u0131 d\u00fczenlendi. 16 ya\u015f\u0131nda bir \u00e7ocuk taraf\u0131ndan pompal\u0131 t\u00fcfekle yap\u0131ld\u0131\u011f\u0131 belirtilen sald\u0131r\u0131da, 2 polis memuru \u015fehit oldu,&#8230;<\/p>\n","protected":false},"author":1,"featured_media":53383,"comment_status":"open","ping_status":"open","sticky":false,"template":"","format":"standard","meta":{"_crdt_document":"","footnotes":""},"categories":[5],"tags":[],"class_list":["post-53382","post","type-post","status-publish","format-standard","has-post-thumbnail","hentry","category-asayis"],"_links":{"self":[{"href":"https:\/\/www.egemtv.com\/index.php?rest_route=\/wp\/v2\/posts\/53382","targetHints":{"allow":["GET"]}}],"collection":[{"href":"https:\/\/www.egemtv.com\/index.php?rest_route=\/wp\/v2\/posts"}],"about":[{"href":"https:\/\/www.egemtv.com\/index.php?rest_route=\/wp\/v2\/types\/post"}],"author":[{"embeddable":true,"href":"https:\/\/www.egemtv.com\/index.php?rest_route=\/wp\/v2\/users\/1"}],"replies":[{"embeddable":true,"href":"https:\/\/www.egemtv.com\/index.php?rest_route=%2Fwp%2Fv2%2Fcomments&post=53382"}],"version-history":[{"count":1,"href":"https:\/\/www.egemtv.com\/index.php?rest_route=\/wp\/v2\/posts\/53382\/revisions"}],"predecessor-version":[{"id":53384,"href":"https:\/\/www.egemtv.com\/index.php?rest_route=\/wp\/v2\/posts\/53382\/revisions\/53384"}],"wp:featuredmedia":[{"embeddable":true,"href":"https:\/\/www.egemtv.com\/index.php?rest_route=\/wp\/v2\/media\/53383"}],"wp:attachment":[{"href":"https:\/\/www.egemtv.com\/index.php?rest_route=%2Fwp%2Fv2%2Fmedia&parent=53382"}],"wp:term":[{"taxonomy":"category","embeddable":true,"href":"https:\/\/www.egemtv.com\/index.php?rest_route=%2Fwp%2Fv2%2Fcategories&post=53382"},{"taxonomy":"post_tag","embeddable":true,"href":"https:\/\/www.egemtv.com\/index.php?rest_route=%2Fwp%2Fv2%2Ftags&post=53382"}],"curies":[{"name":"wp","href":"https:\/\/api.w.org\/{rel}","templated":true}]}}