{"id":53379,"date":"2025-09-08T10:15:08","date_gmt":"2025-09-08T07:15:08","guid":{"rendered":"https:\/\/www.egemtv.com\/?p=53379"},"modified":"2025-09-08T10:15:09","modified_gmt":"2025-09-08T07:15:09","slug":"buharkent-tirmanma-yarisi-nefes-kesti","status":"publish","type":"post","link":"https:\/\/www.egemtv.com\/?p=53379","title":{"rendered":"Buharkent T\u0131rmanma Yar\u0131\u015f\u0131 nefes kesti"},"content":{"rendered":"<p>Ayd\u0131n\u2019\u0131n Buharkent il\u00e7esinde ger\u00e7ekle\u015ftirilen AVIS 2025 T\u00fcrkiye T\u0131rmanma \u015eampiyonas\u0131 5. aya\u011f\u0131 nefes kesti.<\/p>\n<p>T\u00fcrkiye\u2019nin \u00f6nemli organizasyonlar\u0131ndan olan T\u00fcrkiye T\u0131rmanma \u015eampiyonas\u0131\u2019n\u0131n 5. aya\u011f\u0131 bu y\u0131l Ayd\u0131n\u2019\u0131n Buharkent il\u00e7esinin ev sahipli\u011finde Ege Otomobil Sporlar\u0131 Kul\u00fcb\u00fc taraf\u0131ndan 5. kez d\u00fczenlendi. Buharkent T\u0131rmanma Yar\u0131\u015f\u0131, 4 kategoride 15 sporcunun kat\u0131l\u0131m\u0131yla ger\u00e7ekle\u015ftirildi. Yar\u0131\u015flar b\u00fcy\u00fck heyecana ve renkli g\u00f6r\u00fcnt\u00fclere sahne oldu. T\u00fcrkiye\u2019nin \u00e7e\u015fitli illerinden \u00e7ok say\u0131da yar\u0131\u015fmac\u0131n\u0131n kat\u0131ld\u0131\u011f\u0131 organizasyonda yine T\u00fcrkiye\u2019nin en zorlu parkuru olarak bilinen Buharkent parkuru b\u00fcy\u00fck heyecanla ge\u00e7ildi.<\/p>\n<p>AVIS 2025 T\u00fcrkiye T\u0131rmanma \u015eampiyonas\u0131 5. yar\u0131\u015f\u0131 Ege Otomobil Spor Kul\u00fcb\u00fc (EOSK) taraf\u0131ndan Buharkent Belediyesi destekleri ile 6-7 Eyl\u00fcl tarihlerinde Ayd\u0131n &#8211; Buharkent\u2019te d\u00fczenlendi.<\/p>\n<p>Ulusal \u015fampiyonan\u0131n 5. yar\u0131\u015f\u0131 olacak olan Buharkent T\u0131rmanma Yar\u0131\u015f\u0131, 6 Eyl\u00fcl Cumartesi g\u00fcn\u00fc saat 17.30\u2019 da Buharkent Belediye Meydan\u2019\u0131ndan verilecek sembolik start ile ba\u015flad\u0131. 4 y\u0131ld\u0131r oldu\u011fu gibi bu y\u0131lda seyirci deste\u011finin yo\u011fun oldu\u011fu ve olduk\u00e7a \u00e7eki\u015fmeli ge\u00e7en AVIS 2025 T\u00fcrkiye T\u0131rmanma \u015eampiyonas\u0131\u2019n\u0131n 5. yar\u0131\u015f\u0131 olan 2025 Buharkent T\u0131rmanma Yar\u0131\u015f\u0131nda 13 otomobil fini\u015f g\u00f6rd\u00fc.<\/p>\n<p>Pilotlar, Kayaburnu-Ericek yol ayr\u0131m\u0131ndan saat 10.00, 12.00 ve 14.00\u2019de start alarak, Muratda\u011f\u0131 GES Santrali\u2019nde fini\u015fi g\u00f6rd\u00fc. 7,59 km. uzunlu\u011fundaki parkurda 3 \u00e7\u0131k\u0131\u015f olarak ko\u015fulan yar\u0131\u015flar\u0131n \u00f6d\u00fcl t\u00f6reni ise il\u00e7e merkezinde yap\u0131ld\u0131.<\/p>\n<p>T\u00fcrkiye\u2019nin en zorlu parkurlar\u0131 aras\u0131nda yer alan 7,59 kilometre uzunlu\u011fundaki parkurda \u00fc\u00e7 \u00e7\u0131k\u0131\u015f \u00fczerinden ko\u015fulan yar\u0131\u015f sonunda, Mahalli Klasman Kategori 1\u2019de Birinci \u0130brahim cabac\u0131 oldu. Kategori 3 Mahalli Klasmanda Birincili\u011fi H\u00fcseyin Y\u0131ld\u0131r\u0131m ald\u0131. Kategori 3 mahalli kad\u0131n klasman\u0131nda Bet\u00fcl G\u00f6zde \u0130lter birincili\u011fi elde etti.<\/p>\n<p>Ulusal Kategoride 1\u2019de birincili\u011fi Ahmet Ayd\u0131nalp birincili\u011fi elde etti. Ulusal Kategoride 2\u2019de birincili\u011fi Demir Sancakl\u0131 elde ederken Ulusal kategori 3\u2019te birincili\u011fi H\u00fcseyin Y\u0131ld\u0131r\u0131m, Ulusal Kategoride 4\u2019de ise birincili\u011fi Burak Ba\u015fl\u0131k elde etti.<\/p>\n<p>Ulusal Kategori 1\u2019de kad\u0131nlarda birincili\u011fi Yasemin Erikli ve Ulusal Kategori 3\u2019de kad\u0131nlarda birincili\u011fi Esin Yanbakan elde etti. T\u00fcm \u00e7\u0131k\u0131\u015flar i\u00e7erinde en iyi s\u00fcreyi Burak Ba\u015fl\u0131k, en iyi tak\u0131m birincisi ise Mahmut Alpay oldu. Son olarak organizasyonda eme\u011fi ge\u00e7enlere de plaketleri verildi.<\/p>\n<p>Tozlu raflardan \u00e7\u0131kart\u0131lan kupa sahibini 35 y\u0131l sonra sahibini buldu<br \/>\n<br \/>1990 y\u0131l\u0131nda Fatih Be\u015fer Bornova Ralli Kross\u2019unda grup klasman \u00fc\u00e7\u00fcnc\u00fcs\u00fc olan pilot Ahmet Ortak\u0131\u015flal\u0131\u2019ya kupas\u0131 35 y\u0131l sonra verildi. Tozlu raflardan \u00e7\u0131kart\u0131lan kupa sahibini 35 y\u0131l sonra sahibini buldu. Ya\u015fad\u0131\u011f\u0131 mutlulu\u011fu ifade eden Ortak\u0131\u015flal\u0131, EOSK y\u00f6netimine \u00e7ok te\u015fekk\u00fcr etti.<\/p>\n<p>&#8220;Sporcular, bizlere unutulmaz anlar ya\u015fatt\u0131&#8221;<br \/>\n<br \/>Buharkent Belediye Ba\u015fkan\u0131 Mehmet Erol, 4 y\u0131ld\u0131r d\u00fczenlenen yar\u0131\u015flar\u0131n il\u00e7eye renk katt\u0131\u011f\u0131n\u0131 ifade ederek, &#8220;Otomobil sporlar\u0131 kapsam\u0131nda T\u00fcrkiye T\u0131rmanma \u015eampiyonas\u0131\u2019n\u0131n 5. aya\u011f\u0131n\u0131 Buharkent olarak ev sahipli\u011fi yapmam\u0131zdan dolay\u0131 \u00e7ok mutluyuz. Buharkent\u2019te bu geleneksel hale geldi ve 4.\u2019s\u00fcn\u00fc ger\u00e7ekle\u015ftirdik. T\u00fcrkiye\u2019nin en zorlu parkuru olarak g\u00fczel bir yar\u0131\u015f izledik. Buharkent\u2019imizin d\u00fc\u015fman i\u015fgalinden kurtulu\u015funun 103. y\u0131ld\u00f6n\u00fcm\u00fc etkinlikleri kapsam\u0131nda d\u00fczenledi\u011fimiz Buharkent T\u0131rmanma Yar\u0131\u015f\u0131, il\u00e7emizde b\u00fcy\u00fck bir heyecan ve co\u015fkuya sahne oldu. G\u00fcn boyu farkl\u0131 kategorilerde k\u0131yas\u0131ya m\u00fccadele eden sporcular, bizlere unutulmaz anlar ya\u015fatt\u0131. Her kategoride dereceye giren ve yar\u0131\u015fmaya kat\u0131larak organizasyona renk ve heyecan katan t\u00fcm sporcular\u0131m\u0131za te\u015fekk\u00fcr ediyor, emeklerini takdirle kar\u015f\u0131l\u0131yorum. Ayr\u0131ca organizasyonun ba\u015far\u0131l\u0131 bir \u015fekilde y\u00fcr\u00fct\u00fclmesini sa\u011flayan Ege Otomobil Sporlar\u0131 Kul\u00fcb\u00fc\u2019ne, b\u00fcy\u00fck bir \u00f6zveriyle g\u00f6rev yapan saha ekiplerine, g\u00fcvenlik g\u00fc\u00e7lerimize, AFAD ve itfaiye ekiplerimize, belediye personelimize \u015f\u00fckranlar\u0131m\u0131 sunuyorum. Yar\u0131\u015f\u0131m\u0131za kat\u0131l\u0131m sa\u011flayan protokol\u00fcm\u00fcz\u00fcn de\u011ferli \u00fcyelerine, \u00e7evre illerden ve il\u00e7emizden gelerek bu heyecana ortak olan k\u0131ymetli hem\u015fehrilerimize ve organizasyonumuza destek veren sponsorlar\u0131m\u0131za da te\u015fekk\u00fcr ediyorum&#8221; dedi.<\/p>\n<p>&#8220;Bu yar\u0131\u015flar\u0131m\u0131z art\u0131k klasik hale geldi&#8221;<br \/>\n<br \/>Ege Otomobil Sporlar\u0131 Kul\u00fcb\u00fc Y\u00f6netim Kurulu Ba\u015fkan\u0131 \u00d6zer Y\u00fcce de konu\u015fmas\u0131nda Buharkent\u2019ten \u00f6vg\u00fc ile s\u00f6z ederek, &#8220;Her \u015fey i\u00e7in \u00e7ok te\u015fekk\u00fcr ederiz. Kazas\u0131z belas\u0131z \u00e7ok g\u00fczel bir yar\u0131\u015f oldu. Bu sene Buharkent\u2019te 5.\u2019sini organize ettik. Ba\u015fkan\u0131m\u0131z Mehmet Erol\u2019un ev sahipli\u011finde her y\u0131l muhte\u015fem organizasyonlara ev sahipli\u011fi yap\u0131yoruz. Bu yar\u0131\u015flar\u0131m\u0131z art\u0131k klasik hale geldi. Eme\u011fi ge\u00e7en herkese \u00e7ok te\u015fekk\u00fcr ediyoruz&#8221; a\u00e7\u0131klamas\u0131nda bulundu.<\/p>\n<p>Yar\u0131\u015flar\u0131; Buharkent Kaymakam\u0131 Abdullah Emre \u00d6zefe, Buharkent Belediye Ba\u015fkan\u0131 Mehmet Erol, Sakarya-Karasu Belediye Ba\u015fkan\u0131 \u0130shak Sar\u0131, il\u00e7e protokol \u00fcyeleri ve yar\u0131\u015fseverler b\u00fcy\u00fck bir heyecanla izledi.<br \/><\/p>\n","protected":false},"excerpt":{"rendered":"<p>Ayd\u0131n\u2019\u0131n Buharkent il\u00e7esinde ger\u00e7ekle\u015ftirilen AVIS 2025 T\u00fcrkiye T\u0131rmanma \u015eampiyonas\u0131 5. aya\u011f\u0131 nefes kesti. T\u00fcrkiye\u2019nin \u00f6nemli organizasyonlar\u0131ndan olan T\u00fcrkiye T\u0131rmanma \u015eampiyonas\u0131\u2019n\u0131n 5. aya\u011f\u0131 bu y\u0131l Ayd\u0131n\u2019\u0131n Buharkent il\u00e7esinin ev sahipli\u011finde Ege Otomobil Sporlar\u0131 Kul\u00fcb\u00fc taraf\u0131ndan 5. kez d\u00fczenlendi. Buharkent T\u0131rmanma Yar\u0131\u015f\u0131, 4 kategoride 15 sporcunun kat\u0131l\u0131m\u0131yla ger\u00e7ekle\u015ftirildi. Yar\u0131\u015flar b\u00fcy\u00fck heyecana ve renkli g\u00f6r\u00fcnt\u00fclere sahne oldu. T\u00fcrkiye\u2019nin&#8230;<\/p>\n","protected":false},"author":1,"featured_media":53380,"comment_status":"open","ping_status":"open","sticky":false,"template":"","format":"standard","meta":{"_crdt_document":"","footnotes":""},"categories":[4],"tags":[],"class_list":["post-53379","post","type-post","status-publish","format-standard","has-post-thumbnail","hentry","category-spor"],"_links":{"self":[{"href":"https:\/\/www.egemtv.com\/index.php?rest_route=\/wp\/v2\/posts\/53379","targetHints":{"allow":["GET"]}}],"collection":[{"href":"https:\/\/www.egemtv.com\/index.php?rest_route=\/wp\/v2\/posts"}],"about":[{"href":"https:\/\/www.egemtv.com\/index.php?rest_route=\/wp\/v2\/types\/post"}],"author":[{"embeddable":true,"href":"https:\/\/www.egemtv.com\/index.php?rest_route=\/wp\/v2\/users\/1"}],"replies":[{"embeddable":true,"href":"https:\/\/www.egemtv.com\/index.php?rest_route=%2Fwp%2Fv2%2Fcomments&post=53379"}],"version-history":[{"count":1,"href":"https:\/\/www.egemtv.com\/index.php?rest_route=\/wp\/v2\/posts\/53379\/revisions"}],"predecessor-version":[{"id":53381,"href":"https:\/\/www.egemtv.com\/index.php?rest_route=\/wp\/v2\/posts\/53379\/revisions\/53381"}],"wp:featuredmedia":[{"embeddable":true,"href":"https:\/\/www.egemtv.com\/index.php?rest_route=\/wp\/v2\/media\/53380"}],"wp:attachment":[{"href":"https:\/\/www.egemtv.com\/index.php?rest_route=%2Fwp%2Fv2%2Fmedia&parent=53379"}],"wp:term":[{"taxonomy":"category","embeddable":true,"href":"https:\/\/www.egemtv.com\/index.php?rest_route=%2Fwp%2Fv2%2Fcategories&post=53379"},{"taxonomy":"post_tag","embeddable":true,"href":"https:\/\/www.egemtv.com\/index.php?rest_route=%2Fwp%2Fv2%2Ftags&post=53379"}],"curies":[{"name":"wp","href":"https:\/\/api.w.org\/{rel}","templated":true}]}}