{"id":53376,"date":"2025-09-08T09:55:05","date_gmt":"2025-09-08T06:55:05","guid":{"rendered":"https:\/\/www.egemtv.com\/?p=53376"},"modified":"2025-09-08T09:55:06","modified_gmt":"2025-09-08T06:55:06","slug":"aydinda-saglikli-yasam-icin-yuruduler","status":"publish","type":"post","link":"https:\/\/www.egemtv.com\/?p=53376","title":{"rendered":"Ayd\u0131n\u2019da sa\u011fl\u0131kl\u0131 ya\u015fam i\u00e7in y\u00fcr\u00fcd\u00fcler"},"content":{"rendered":"<p>Ayd\u0131n \u0130l Sa\u011fl\u0131k M\u00fcd\u00fcrl\u00fc\u011f\u00fc taraf\u0131ndan Halk Sa\u011fl\u0131\u011f\u0131 Haftas\u0131 etkinlikleri kapsam\u0131nda d\u00fczenlenen sa\u011fl\u0131kl\u0131 ya\u015fam y\u00fcr\u00fcy\u00fc\u015f\u00fcyle, dengeli beslenme ve d\u00fczenli fiziksel aktivitenin \u00f6nemine dikkat \u00e7ekildi.<\/p>\n<p>3-9 Eyl\u00fcl Halk Sa\u011fl\u0131\u011f\u0131 Haftas\u0131\u2019n\u0131n be\u015finci g\u00fcn temas\u0131 olan \u2019Hareket Et, Do\u011fru Beslen, Sa\u011fl\u0131kl\u0131 Ya\u015fa\u2019 do\u011frultusunda ger\u00e7ekle\u015ftirilen y\u00fcr\u00fcy\u00fc\u015f, \u0130l Sa\u011fl\u0131k M\u00fcd\u00fcrl\u00fc\u011f\u00fc \u00f6n\u00fcnden ba\u015flad\u0131. Kat\u0131l\u0131mc\u0131lar y\u00fcr\u00fcy\u00fc\u015f boyunca toplumda sa\u011fl\u0131kl\u0131 ya\u015fam al\u0131\u015fkanl\u0131klar\u0131n\u0131n yayg\u0131nla\u015ft\u0131r\u0131lmas\u0131 gerekti\u011fine vurgu yaparken, \u2019Sa\u011fl\u0131kl\u0131 T\u00fcrkiye Y\u00fczy\u0131l\u0131\u2019 vizyonunun sahadaki somut g\u00f6stergelerinden biri olarak hareketli ya\u015fam ve do\u011fru beslenmenin \u00f6nemine dikkat \u00e7ekildi. Ayd\u0131n \u0130l Sa\u011fl\u0131k M\u00fcd\u00fcrl\u00fc\u011f\u00fc\u2019nden yap\u0131lan a\u00e7\u0131klamada, &#8220;D\u00fczenli fiziksel aktivite ve dengeli beslenme ile kronik hastal\u0131klar\u0131n \u00f6n\u00fcne ge\u00e7ebilir, daha sa\u011fl\u0131kl\u0131 bir ya\u015fama ad\u0131m atabilirsiniz&#8221; denildi.<\/p>\n<p>Etkinli\u011fe Ye\u015filay Ayd\u0131n \u015eubesi, Halk Sa\u011fl\u0131\u011f\u0131 Hizmetleri Ba\u015fkan\u0131, Kamu Hastaneleri Hizmetleri Ba\u015fkan\u0131, Halk Sa\u011fl\u0131\u011f\u0131 Hizmetleri Ba\u015fkan Yard\u0131mc\u0131lar\u0131, Efeler \u0130l\u00e7e Sa\u011fl\u0131k M\u00fcd\u00fcr\u00fc, m\u00fcd\u00fcrl\u00fck personeli ve vatanda\u015flar kat\u0131ld\u0131.<br \/><\/p>\n","protected":false},"excerpt":{"rendered":"<p>Ayd\u0131n \u0130l Sa\u011fl\u0131k M\u00fcd\u00fcrl\u00fc\u011f\u00fc taraf\u0131ndan Halk Sa\u011fl\u0131\u011f\u0131 Haftas\u0131 etkinlikleri kapsam\u0131nda d\u00fczenlenen sa\u011fl\u0131kl\u0131 ya\u015fam y\u00fcr\u00fcy\u00fc\u015f\u00fcyle, dengeli beslenme ve d\u00fczenli fiziksel aktivitenin \u00f6nemine dikkat \u00e7ekildi. 3-9 Eyl\u00fcl Halk Sa\u011fl\u0131\u011f\u0131 Haftas\u0131\u2019n\u0131n be\u015finci g\u00fcn temas\u0131 olan \u2019Hareket Et, Do\u011fru Beslen, Sa\u011fl\u0131kl\u0131 Ya\u015fa\u2019 do\u011frultusunda ger\u00e7ekle\u015ftirilen y\u00fcr\u00fcy\u00fc\u015f, \u0130l Sa\u011fl\u0131k M\u00fcd\u00fcrl\u00fc\u011f\u00fc \u00f6n\u00fcnden ba\u015flad\u0131. Kat\u0131l\u0131mc\u0131lar y\u00fcr\u00fcy\u00fc\u015f boyunca toplumda sa\u011fl\u0131kl\u0131 ya\u015fam al\u0131\u015fkanl\u0131klar\u0131n\u0131n yayg\u0131nla\u015ft\u0131r\u0131lmas\u0131 gerekti\u011fine&#8230;<\/p>\n","protected":false},"author":1,"featured_media":53377,"comment_status":"open","ping_status":"open","sticky":false,"template":"","format":"standard","meta":{"_crdt_document":"","footnotes":""},"categories":[1],"tags":[],"class_list":["post-53376","post","type-post","status-publish","format-standard","has-post-thumbnail","hentry","category-guncel"],"_links":{"self":[{"href":"https:\/\/www.egemtv.com\/index.php?rest_route=\/wp\/v2\/posts\/53376","targetHints":{"allow":["GET"]}}],"collection":[{"href":"https:\/\/www.egemtv.com\/index.php?rest_route=\/wp\/v2\/posts"}],"about":[{"href":"https:\/\/www.egemtv.com\/index.php?rest_route=\/wp\/v2\/types\/post"}],"author":[{"embeddable":true,"href":"https:\/\/www.egemtv.com\/index.php?rest_route=\/wp\/v2\/users\/1"}],"replies":[{"embeddable":true,"href":"https:\/\/www.egemtv.com\/index.php?rest_route=%2Fwp%2Fv2%2Fcomments&post=53376"}],"version-history":[{"count":1,"href":"https:\/\/www.egemtv.com\/index.php?rest_route=\/wp\/v2\/posts\/53376\/revisions"}],"predecessor-version":[{"id":53378,"href":"https:\/\/www.egemtv.com\/index.php?rest_route=\/wp\/v2\/posts\/53376\/revisions\/53378"}],"wp:featuredmedia":[{"embeddable":true,"href":"https:\/\/www.egemtv.com\/index.php?rest_route=\/wp\/v2\/media\/53377"}],"wp:attachment":[{"href":"https:\/\/www.egemtv.com\/index.php?rest_route=%2Fwp%2Fv2%2Fmedia&parent=53376"}],"wp:term":[{"taxonomy":"category","embeddable":true,"href":"https:\/\/www.egemtv.com\/index.php?rest_route=%2Fwp%2Fv2%2Fcategories&post=53376"},{"taxonomy":"post_tag","embeddable":true,"href":"https:\/\/www.egemtv.com\/index.php?rest_route=%2Fwp%2Fv2%2Ftags&post=53376"}],"curies":[{"name":"wp","href":"https:\/\/api.w.org\/{rel}","templated":true}]}}