{"id":53373,"date":"2025-09-08T09:55:04","date_gmt":"2025-09-08T06:55:04","guid":{"rendered":"https:\/\/www.egemtv.com\/?p=53373"},"modified":"2025-09-08T09:55:05","modified_gmt":"2025-09-08T06:55:05","slug":"fizyoterapistler-ayni-zamanda-umut-ve-ozgurluk-kazandiriyor","status":"publish","type":"post","link":"https:\/\/www.egemtv.com\/?p=53373","title":{"rendered":"Fizyoterapistler ayn\u0131 zamanda umut ve \u00f6zg\u00fcrl\u00fck kazand\u0131r\u0131yor"},"content":{"rendered":"<p>Her y\u0131l 8 Eyl\u00fcl\u2019de kutlanan &#8220;D\u00fcnya Fizyoterapi G\u00fcn\u00fc&#8221; dolay\u0131s\u0131yla a\u00e7\u0131klamalarda bulunan Uzm. Fizyoterapist Muhammed Akusta, fizyoterapistlerin yaln\u0131zca kaslar\u0131 g\u00fc\u00e7lendiren ki\u015filer de\u011fil, insanlara umut ve \u00f6zg\u00fcrl\u00fck kazand\u0131ran sa\u011fl\u0131k profesyonelleri oldu\u011funu s\u00f6yledi.<br \/>\n<br \/>Her y\u0131l 8 Eyl\u00fcl\u2019de kutlanan &#8220;D\u00fcnya Fizyoterapi G\u00fcn\u00fc&#8221; dolay\u0131s\u0131yla a\u00e7\u0131klamalarda bulunan Uzm. Fizyoterapist Muhammed Akusta, fizyoterapistlerin insan hayat\u0131ndaki \u00f6nemine dikkat \u00e7ekti. Akusta, &#8220;Belki \u00e7o\u011fu insan i\u00e7in bu tarih s\u0131radan bir g\u00fcn gibi g\u00f6r\u00fcnebilir. Oysa bu g\u00fcn, g\u00f6r\u00fcnmez kahramanlar\u0131n; insanlara yeniden y\u00fcr\u00fcmeyi, yeniden kollar\u0131n\u0131 kald\u0131rabilmeyi, yeniden nefes alman\u0131n de\u011ferini hissettirmeyi \u00f6\u011freten meslek grubunun g\u00fcn\u00fcd\u00fcr&#8221; dedi. Fizyoterapistlerin yaln\u0131zca kaslar\u0131 g\u00fc\u00e7lendiren ki\u015filer olmad\u0131\u011f\u0131n\u0131 vurgulayan Akusta, &#8220;Onlar, hayat\u0131n i\u00e7indeki en de\u011ferli hazinenin yani hareketin koruyucular\u0131d\u0131r. \u00c7\u00fcnk\u00fc hareket edebildi\u011fimiz s\u00fcrece \u00f6zg\u00fcr\u00fcz; sevdiklerimize sar\u0131labilir, kendi i\u015fimizi yapabilir, hayallerimizin pe\u015finden ko\u015fabiliriz&#8221; ifadelerini kulland\u0131.<br \/>\n<br \/>Modern t\u0131bb\u0131n geldi\u011fi noktada fizyoterapinin sadece yaralanma ya da ameliyat sonras\u0131 iyile\u015fmenin bir par\u00e7as\u0131 olmad\u0131\u011f\u0131n\u0131 belirten Akusta, &#8220;Fizyoterapi ayn\u0131 zamanda kronik hastal\u0131klar\u0131n y\u00f6netiminde, n\u00f6rolojik rahats\u0131zl\u0131klarda, spor performans\u0131nda, hatta sa\u011fl\u0131kl\u0131 ya\u015flanmada en \u00f6nemli unsurlardan biridir. D\u00fcnyan\u0131n neresine giderseniz gidin, bir fizyoterapistin g\u00f6revi ortakt\u0131r: \u0130nsana yeniden \u2018ba\u015farabilirim\u2019 duygusunu kazand\u0131rmak&#8221; diye konu\u015ftu. Mesle\u011fin en b\u00fcy\u00fck g\u00fcc\u00fcn\u00fcn umut vermesinde yatt\u0131\u011f\u0131n\u0131 dile getiren Akusta, &#8220;Bir hasta, ilk ad\u0131m\u0131n\u0131 fizyoterapistin rehberli\u011finde att\u0131\u011f\u0131nda asl\u0131nda yeniden hayata da ad\u0131m at\u0131yor. \u0130\u015fte bu y\u00fczden fizyoterapistler, sa\u011fl\u0131k sisteminin sessiz ama en g\u00fc\u00e7l\u00fc k\u00f6pr\u00fclerinden biridir&#8221; s\u00f6zlerini kaydetti.<\/p>\n<p>Sadece kaslar\u0131m\u0131z\u0131 de\u011fil, hayat\u0131m\u0131za dair inanc\u0131m\u0131z\u0131 da onar\u0131yorlar&#8221;<br \/>\n<br \/>8 Eyl\u00fcl\u2019\u00fcn yaln\u0131zca bir kutlama de\u011fil, ayn\u0131 zamanda sa\u011fl\u0131kl\u0131 ya\u015fam\u0131n de\u011ferini hat\u0131rlamak i\u00e7in de bir f\u0131rsat oldu\u011funa i\u015faret eden Akusta, &#8220;Daha fazla hareket etmek, bedenimizi tan\u0131mak ve gerekti\u011finde profesyonel destek almaktan \u00e7ekinmemek, hepimizin hayat kalitesini y\u00fckseltecek bir ad\u0131m olabilir. Bug\u00fcn fizyoterapistlere te\u015fekk\u00fcr etme g\u00fcn\u00fcd\u00fcr; \u00e7\u00fcnk\u00fc onlar sadece kaslar\u0131m\u0131z\u0131 de\u011fil, hayat\u0131m\u0131za dair inanc\u0131m\u0131z\u0131 da onar\u0131yorlar&#8221; ifadelerini kulland\u0131.<br \/><\/p>\n","protected":false},"excerpt":{"rendered":"<p>Her y\u0131l 8 Eyl\u00fcl\u2019de kutlanan &#8220;D\u00fcnya Fizyoterapi G\u00fcn\u00fc&#8221; dolay\u0131s\u0131yla a\u00e7\u0131klamalarda bulunan Uzm. Fizyoterapist Muhammed Akusta, fizyoterapistlerin yaln\u0131zca kaslar\u0131 g\u00fc\u00e7lendiren ki\u015filer de\u011fil, insanlara umut ve \u00f6zg\u00fcrl\u00fck kazand\u0131ran sa\u011fl\u0131k profesyonelleri oldu\u011funu s\u00f6yledi. Her y\u0131l 8 Eyl\u00fcl\u2019de kutlanan &#8220;D\u00fcnya Fizyoterapi G\u00fcn\u00fc&#8221; dolay\u0131s\u0131yla a\u00e7\u0131klamalarda bulunan Uzm. Fizyoterapist Muhammed Akusta, fizyoterapistlerin insan hayat\u0131ndaki \u00f6nemine dikkat \u00e7ekti. Akusta, &#8220;Belki \u00e7o\u011fu insan&#8230;<\/p>\n","protected":false},"author":1,"featured_media":53374,"comment_status":"open","ping_status":"open","sticky":false,"template":"","format":"standard","meta":{"_crdt_document":"","footnotes":""},"categories":[2],"tags":[],"class_list":["post-53373","post","type-post","status-publish","format-standard","has-post-thumbnail","hentry","category-saglik"],"_links":{"self":[{"href":"https:\/\/www.egemtv.com\/index.php?rest_route=\/wp\/v2\/posts\/53373","targetHints":{"allow":["GET"]}}],"collection":[{"href":"https:\/\/www.egemtv.com\/index.php?rest_route=\/wp\/v2\/posts"}],"about":[{"href":"https:\/\/www.egemtv.com\/index.php?rest_route=\/wp\/v2\/types\/post"}],"author":[{"embeddable":true,"href":"https:\/\/www.egemtv.com\/index.php?rest_route=\/wp\/v2\/users\/1"}],"replies":[{"embeddable":true,"href":"https:\/\/www.egemtv.com\/index.php?rest_route=%2Fwp%2Fv2%2Fcomments&post=53373"}],"version-history":[{"count":1,"href":"https:\/\/www.egemtv.com\/index.php?rest_route=\/wp\/v2\/posts\/53373\/revisions"}],"predecessor-version":[{"id":53375,"href":"https:\/\/www.egemtv.com\/index.php?rest_route=\/wp\/v2\/posts\/53373\/revisions\/53375"}],"wp:featuredmedia":[{"embeddable":true,"href":"https:\/\/www.egemtv.com\/index.php?rest_route=\/wp\/v2\/media\/53374"}],"wp:attachment":[{"href":"https:\/\/www.egemtv.com\/index.php?rest_route=%2Fwp%2Fv2%2Fmedia&parent=53373"}],"wp:term":[{"taxonomy":"category","embeddable":true,"href":"https:\/\/www.egemtv.com\/index.php?rest_route=%2Fwp%2Fv2%2Fcategories&post=53373"},{"taxonomy":"post_tag","embeddable":true,"href":"https:\/\/www.egemtv.com\/index.php?rest_route=%2Fwp%2Fv2%2Ftags&post=53373"}],"curies":[{"name":"wp","href":"https:\/\/api.w.org\/{rel}","templated":true}]}}