{"id":53370,"date":"2025-09-08T09:55:03","date_gmt":"2025-09-08T06:55:03","guid":{"rendered":"https:\/\/www.egemtv.com\/?p=53370"},"modified":"2025-09-08T09:55:04","modified_gmt":"2025-09-08T06:55:04","slug":"baskan-putun-belediye-baskanligi-koltugu-parti-sempatizanligi-yeri-degildir","status":"publish","type":"post","link":"https:\/\/www.egemtv.com\/?p=53370","title":{"rendered":"Ba\u015fkan P\u00fct\u00fcn; &#8220;Belediye Ba\u015fkanl\u0131\u011f\u0131 koltu\u011fu parti sempatizanl\u0131\u011f\u0131 yeri de\u011fildir&#8221;"},"content":{"rendered":"<p>DEN\u0130ZL\u0130 (\u0130HA) \u2013 Denizli\u2019nin Beya\u011fa\u00e7 Belediye Ba\u015fkan\u0131 Sezayi P\u00fct\u00fcn, 1,5 y\u0131lda s\u00f6z verdi\u011fi icraatlar\u0131n y\u00fczde 30\u2019unu tamamlad\u0131\u011f\u0131n\u0131 belirterek, &#8220;Belediye Ba\u015fkanl\u0131\u011f\u0131 koltu\u011fu parti sempatizanl\u0131\u011f\u0131 yeri de\u011fildir&#8221; dedi.<\/p>\n<p>Beya\u011fa\u00e7 \u0130l\u00e7e Merkezine yap\u0131lmakta olan \u00c7ar\u015f\u0131 Camisinin yak\u0131n zamanda a\u00e7\u0131laca\u011f\u0131 s\u00f6yleyen Ba\u015fkan P\u00fct\u00fcn, &#8220;Bizler se\u00e7imlerde Beya\u011fa\u00e7 halk\u0131n\u0131n \u00f6n\u00fcne \u00e7\u0131karken onlara g\u00fcler y\u00fczl\u00fc bir Beya\u011fa\u00e7 s\u00f6z\u00fc verdik. Yapaca\u011f\u0131m\u0131z icraatlar\u0131 il\u00e7enin \u00f6ncelikli ihtiya\u00e7lar\u0131n\u0131 belirleyerek s\u00f6z verdik. Bir bu\u00e7uk y\u0131ll\u0131k hizmetimizde verdi\u011fimiz s\u00f6zlerin y\u00fczde 30\u2019unu ger\u00e7ekle\u015ftirdik. 2019 y\u0131l\u0131nda il\u00e7emizde y\u0131k\u0131lan bir Merkez Camisi vard\u0131. Uzun y\u0131llar yap\u0131m\u0131 tamamlanamad\u0131. Hizmete geldi\u011fimizden bug\u00fcne cami in\u015faat\u0131n y\u00fczde 95\u2018ini tamamlad\u0131k ve 29 Ekim Cumhuriyet Bayram\u0131nda da a\u00e7\u0131l\u0131\u015f\u0131n\u0131 yapmay\u0131 planl\u0131yoruz&#8221; diye konu\u015ftu.<\/p>\n<p>&#8220;Belediye Ba\u015fkanl\u0131\u011f\u0131 koltu\u011fu parti sempatizanl\u0131\u011f\u0131 yeri de\u011fildir&#8221;<br \/>\n<br \/>Parti ayr\u0131m\u0131 yapmadan her kesime e\u015fit yakla\u015fmak i\u00e7in se\u00e7ildi\u011fi g\u00fcn parti rozetini \u00e7\u0131kartt\u0131\u011f\u0131n\u0131 ifade eden Ba\u015fkan P\u00fct\u00fcn, &#8220;Bizler burada particilik yapm\u0131yoruz. G\u00f6reve geldi\u011fimizde parti rozetimizi \u00e7\u0131kartt\u0131k. T\u00fcm Beya\u011fa\u00e7 bizim g\u00f6z\u00fcm\u00fczde ayn\u0131. Belediye Ba\u015fkanl\u0131\u011f\u0131 koltu\u011fu parti sempatizanl\u0131\u011f\u0131 yeri de\u011fildir. Bizler herkesin, her mahallenin sorununu gidermekle sorunluyuz. \u00c7evremizdeki il\u00e7e belediyeler ve B\u00fcy\u00fck\u015fehir Belediyesi bizden farkl\u0131 partiden se\u00e7ildiler. Hatta Ege\u2019de Yeniden Refah Partisinden Belediye Ba\u015fkan\u0131 se\u00e7ilen tek belediye biziz. Ama hi\u00e7bir belediye bizlere farkl\u0131 partiden se\u00e7ilmi\u015f g\u00f6z\u00fcyle bakm\u0131yor bizler de onlara o g\u00f6zle bakm\u0131yoruz ve ikili ili\u015fkilerimizi s\u0131cak tutuyoruz. Bu duru\u015fumuzla da di\u011fer belediyelerle birlik ve beraberlik i\u00e7erisinde yard\u0131mla\u015fma sa\u011fl\u0131yoruz. Bir \u015feye ihtiyac\u0131m\u0131z oldu\u011funda Denizli B\u00fcy\u00fck\u015fehir Belediye Ba\u015fkan\u0131m\u0131z B\u00fclent Nuri \u00c7avu\u015fo\u011flu, Tavas Belediye Ba\u015fkan\u0131 Kadir Tat\u0131k ve di\u011fer kom\u015fu il\u00e7elerimizden destek istiyoruz. Onlar\u0131n ihtiya\u00e7lar\u0131 oldu\u011funda elimizden geldi\u011fince bizlerde onlara destek olmaya \u00e7al\u0131\u015f\u0131yoruz&#8221; dedi.<br \/><\/p>\n","protected":false},"excerpt":{"rendered":"<p>DEN\u0130ZL\u0130 (\u0130HA) \u2013 Denizli\u2019nin Beya\u011fa\u00e7 Belediye Ba\u015fkan\u0131 Sezayi P\u00fct\u00fcn, 1,5 y\u0131lda s\u00f6z verdi\u011fi icraatlar\u0131n y\u00fczde 30\u2019unu tamamlad\u0131\u011f\u0131n\u0131 belirterek, &#8220;Belediye Ba\u015fkanl\u0131\u011f\u0131 koltu\u011fu parti sempatizanl\u0131\u011f\u0131 yeri de\u011fildir&#8221; dedi. Beya\u011fa\u00e7 \u0130l\u00e7e Merkezine yap\u0131lmakta olan \u00c7ar\u015f\u0131 Camisinin yak\u0131n zamanda a\u00e7\u0131laca\u011f\u0131 s\u00f6yleyen Ba\u015fkan P\u00fct\u00fcn, &#8220;Bizler se\u00e7imlerde Beya\u011fa\u00e7 halk\u0131n\u0131n \u00f6n\u00fcne \u00e7\u0131karken onlara g\u00fcler y\u00fczl\u00fc bir Beya\u011fa\u00e7 s\u00f6z\u00fc verdik. Yapaca\u011f\u0131m\u0131z icraatlar\u0131 il\u00e7enin&#8230;<\/p>\n","protected":false},"author":1,"featured_media":53371,"comment_status":"open","ping_status":"open","sticky":false,"template":"","format":"standard","meta":{"_crdt_document":"","footnotes":""},"categories":[127],"tags":[],"class_list":["post-53370","post","type-post","status-publish","format-standard","has-post-thumbnail","hentry","category-siyaset"],"_links":{"self":[{"href":"https:\/\/www.egemtv.com\/index.php?rest_route=\/wp\/v2\/posts\/53370","targetHints":{"allow":["GET"]}}],"collection":[{"href":"https:\/\/www.egemtv.com\/index.php?rest_route=\/wp\/v2\/posts"}],"about":[{"href":"https:\/\/www.egemtv.com\/index.php?rest_route=\/wp\/v2\/types\/post"}],"author":[{"embeddable":true,"href":"https:\/\/www.egemtv.com\/index.php?rest_route=\/wp\/v2\/users\/1"}],"replies":[{"embeddable":true,"href":"https:\/\/www.egemtv.com\/index.php?rest_route=%2Fwp%2Fv2%2Fcomments&post=53370"}],"version-history":[{"count":1,"href":"https:\/\/www.egemtv.com\/index.php?rest_route=\/wp\/v2\/posts\/53370\/revisions"}],"predecessor-version":[{"id":53372,"href":"https:\/\/www.egemtv.com\/index.php?rest_route=\/wp\/v2\/posts\/53370\/revisions\/53372"}],"wp:featuredmedia":[{"embeddable":true,"href":"https:\/\/www.egemtv.com\/index.php?rest_route=\/wp\/v2\/media\/53371"}],"wp:attachment":[{"href":"https:\/\/www.egemtv.com\/index.php?rest_route=%2Fwp%2Fv2%2Fmedia&parent=53370"}],"wp:term":[{"taxonomy":"category","embeddable":true,"href":"https:\/\/www.egemtv.com\/index.php?rest_route=%2Fwp%2Fv2%2Fcategories&post=53370"},{"taxonomy":"post_tag","embeddable":true,"href":"https:\/\/www.egemtv.com\/index.php?rest_route=%2Fwp%2Fv2%2Ftags&post=53370"}],"curies":[{"name":"wp","href":"https:\/\/api.w.org\/{rel}","templated":true}]}}