{"id":53367,"date":"2025-09-08T08:34:42","date_gmt":"2025-09-08T05:34:42","guid":{"rendered":"https:\/\/www.egemtv.com\/?p=53367"},"modified":"2025-09-08T08:34:43","modified_gmt":"2025-09-08T05:34:43","slug":"aydinda-fener-alayi-ilgi-gordu","status":"publish","type":"post","link":"https:\/\/www.egemtv.com\/?p=53367","title":{"rendered":"Ayd\u0131n\u2019da fener alay\u0131 ilgi g\u00f6rd\u00fc"},"content":{"rendered":"<p>Ayd\u0131n\u2019\u0131n d\u00fc\u015fman i\u015fgalinden kurtulu\u015funun 103\u2019\u00fcnc\u00fc y\u0131l d\u00f6n\u00fcm\u00fc dolay\u0131s\u0131yla d\u00fczenlenen Fener Alay\u0131\u2019na binlerce ki\u015fi kat\u0131ld\u0131. B\u00fcy\u00fck bir co\u015fkuya sahne olan etkinlikte vatanda\u015flar geceyi fenerlerin \u0131\u015f\u0131klar\u0131yla g\u00fcnd\u00fcze \u00e7evirdi.<\/p>\n<p>Ayd\u0131n\u2019\u0131n d\u00fc\u015fman i\u015fgalinden kurtulu\u015funun 103\u2019\u00fcnc\u00fc y\u0131l d\u00f6n\u00fcm\u00fcnde d\u00fczenlenen Fener Alay\u0131\u2019n vatanda\u015flar yo\u011fun ilgi g\u00f6sterdi. \u0130stasyon Meydan\u0131\u2019nda ba\u015flayan y\u00fcr\u00fcy\u00fc\u015fe, binlerce vatanda\u015f ellerinde T\u00fcrk bayraklar\u0131 ve me\u015falelerle kat\u0131ld\u0131. Y\u00fcr\u00fcy\u00fc\u015f, Adnan Menderes Bulvar\u0131, K\u0131br\u0131s Caddesi, Kozdibi Meydan\u0131 ve K\u00fct\u00fcphane Caddesi \u00fczerinden devam ederek ba\u015flang\u0131\u00e7 noktas\u0131 olan \u0130stasyon Meydan\u0131\u2019nda sona erdi. Etkinlik boyunca \u015fehrin cadde ve sokaklar\u0131 fenerlerin \u0131\u015f\u0131\u011f\u0131yla ayd\u0131nland\u0131, mar\u015flar ve sloganlar e\u015fli\u011finde co\u015fku doru\u011fa ula\u015ft\u0131. Y\u00fcr\u00fcy\u00fc\u015f g\u00fczerg\u00e2h\u0131nda bulunan evlerin balkonlar\u0131na \u00e7\u0131kan vatanda\u015flar da ellerinde bayraklarla korteje destek vererek etkinli\u011fe ortak oldu.<br \/><\/p>\n","protected":false},"excerpt":{"rendered":"<p>Ayd\u0131n\u2019\u0131n d\u00fc\u015fman i\u015fgalinden kurtulu\u015funun 103\u2019\u00fcnc\u00fc y\u0131l d\u00f6n\u00fcm\u00fc dolay\u0131s\u0131yla d\u00fczenlenen Fener Alay\u0131\u2019na binlerce ki\u015fi kat\u0131ld\u0131. B\u00fcy\u00fck bir co\u015fkuya sahne olan etkinlikte vatanda\u015flar geceyi fenerlerin \u0131\u015f\u0131klar\u0131yla g\u00fcnd\u00fcze \u00e7evirdi. Ayd\u0131n\u2019\u0131n d\u00fc\u015fman i\u015fgalinden kurtulu\u015funun 103\u2019\u00fcnc\u00fc y\u0131l d\u00f6n\u00fcm\u00fcnde d\u00fczenlenen Fener Alay\u0131\u2019n vatanda\u015flar yo\u011fun ilgi g\u00f6sterdi. \u0130stasyon Meydan\u0131\u2019nda ba\u015flayan y\u00fcr\u00fcy\u00fc\u015fe, binlerce vatanda\u015f ellerinde T\u00fcrk bayraklar\u0131 ve me\u015falelerle kat\u0131ld\u0131. Y\u00fcr\u00fcy\u00fc\u015f, Adnan Menderes&#8230;<\/p>\n","protected":false},"author":1,"featured_media":53368,"comment_status":"open","ping_status":"open","sticky":false,"template":"","format":"standard","meta":{"_crdt_document":"","footnotes":""},"categories":[1],"tags":[],"class_list":["post-53367","post","type-post","status-publish","format-standard","has-post-thumbnail","hentry","category-guncel"],"_links":{"self":[{"href":"https:\/\/www.egemtv.com\/index.php?rest_route=\/wp\/v2\/posts\/53367","targetHints":{"allow":["GET"]}}],"collection":[{"href":"https:\/\/www.egemtv.com\/index.php?rest_route=\/wp\/v2\/posts"}],"about":[{"href":"https:\/\/www.egemtv.com\/index.php?rest_route=\/wp\/v2\/types\/post"}],"author":[{"embeddable":true,"href":"https:\/\/www.egemtv.com\/index.php?rest_route=\/wp\/v2\/users\/1"}],"replies":[{"embeddable":true,"href":"https:\/\/www.egemtv.com\/index.php?rest_route=%2Fwp%2Fv2%2Fcomments&post=53367"}],"version-history":[{"count":1,"href":"https:\/\/www.egemtv.com\/index.php?rest_route=\/wp\/v2\/posts\/53367\/revisions"}],"predecessor-version":[{"id":53369,"href":"https:\/\/www.egemtv.com\/index.php?rest_route=\/wp\/v2\/posts\/53367\/revisions\/53369"}],"wp:featuredmedia":[{"embeddable":true,"href":"https:\/\/www.egemtv.com\/index.php?rest_route=\/wp\/v2\/media\/53368"}],"wp:attachment":[{"href":"https:\/\/www.egemtv.com\/index.php?rest_route=%2Fwp%2Fv2%2Fmedia&parent=53367"}],"wp:term":[{"taxonomy":"category","embeddable":true,"href":"https:\/\/www.egemtv.com\/index.php?rest_route=%2Fwp%2Fv2%2Fcategories&post=53367"},{"taxonomy":"post_tag","embeddable":true,"href":"https:\/\/www.egemtv.com\/index.php?rest_route=%2Fwp%2Fv2%2Ftags&post=53367"}],"curies":[{"name":"wp","href":"https:\/\/api.w.org\/{rel}","templated":true}]}}