{"id":53364,"date":"2025-09-08T07:54:33","date_gmt":"2025-09-08T04:54:33","guid":{"rendered":"https:\/\/www.egemtv.com\/?p=53364"},"modified":"2025-09-08T07:54:34","modified_gmt":"2025-09-08T04:54:34","slug":"vali-coskun-en-guclu-silah-bilgi-en-buyuk-dusman-ise-tembellik-ve-cehalettir","status":"publish","type":"post","link":"https:\/\/www.egemtv.com\/?p=53364","title":{"rendered":"Vali Co\u015fkun; &#8220;En g\u00fc\u00e7l\u00fc silah bilgi, en b\u00fcy\u00fck d\u00fc\u015fman ise tembellik ve cehalettir&#8221;"},"content":{"rendered":"<p>DEN\u0130ZL\u0130 (\u0130HA) \u2013 Yeni e\u011fitim \u00f6\u011fretim y\u0131l\u0131 mesaj\u0131nda \u00f6\u011frencilere seslenen Denizli Valisi \u00d6mer Faruk Co\u015fkun, &#8220;En b\u00fcy\u00fck dostunuz g\u00fczel ahlak, en g\u00fc\u00e7l\u00fc silah\u0131n\u0131z bilgi, en b\u00fcy\u00fck d\u00fc\u015fman\u0131n\u0131z ise tembellik ve cehalettir&#8221; dedi.<\/p>\n<p>Vali \u00d6mer Faruk Co\u015fkun, 2025-2026 e\u011fitim \u00f6\u011fretim y\u0131l\u0131n\u0131n ba\u015flamas\u0131 dolay\u0131s\u0131yla bir mesaj yay\u0131mlad\u0131.  Vali Co\u015fkun, mesaj\u0131nda; &#8220;Gelece\u011fimizin teminat\u0131 olan \u00f6\u011frencilerimiz ve maarif ordumuzun fedak\u00e2r mensuplar\u0131yla yeni bir e\u011fitim-\u00f6\u011fretim y\u0131l\u0131na ba\u015flaman\u0131n mutlulu\u011funu payla\u015f\u0131yorum.<br \/>\n<br \/>Bilginin h\u0131zla \u00e7o\u011fald\u0131\u011f\u0131 g\u00fcn\u00fcm\u00fczde, evlatlar\u0131m\u0131z\u0131n \u00e7a\u011f\u0131n gereklerine uygun, yerli, mill\u00ee ve manevi de\u011ferlerle donanm\u0131\u015f bireyler olarak yeti\u015fmeleri hem kendi gelecekleri i\u00e7in hem de milletimizin yar\u0131nlar\u0131 i\u00e7in hayati bir \u00f6nem ta\u015f\u0131maktad\u0131r. Bu vizyonla haz\u0131rlanan \u2018T\u00fcrkiye Y\u00fczy\u0131l\u0131 Maarif Modeli\u2019 ile \u00f6\u011frencilerimizin milli, manev\u00ee ve insan\u00ee de\u011ferler istikametinde okuyan, d\u00fc\u015f\u00fcnen, ara\u015ft\u0131ran, sorgulayan, dikkat ve fark\u0131ndal\u0131\u011f\u0131 geli\u015fmi\u015f, ele\u015ftirel d\u00fc\u015f\u00fcnebilen, \u00e7\u00f6z\u00fcm odakl\u0131 ve sorumluluk sahibi bireyler olarak yeti\u015fmeleri hedeflenmektedir. E\u011fitim; devlet ve milletimizin gelece\u011fi i\u00e7in \u00fcstlendi\u011fimiz en b\u00fcy\u00fck sorumluluktur. Bu sebeple e\u011fitimi, bir millet \u00f6devi olarak g\u00f6rmekteyiz. \u00c7\u00fcnk\u00fc okuyan, ara\u015ft\u0131ran, sorgulayan ve bilgiye ula\u015fman\u0131n yollar\u0131n\u0131 arayan nesiller yeti\u015ftirmek; T\u00fcrkiye\u2019nin gelece\u011fini in\u015fa etmenin en etkili yoludur. Bu s\u00fcre\u00e7te \u00f6\u011fretmenlerimize ve e\u011fitim camiam\u0131za b\u00fcy\u00fck sorumluluklar d\u00fc\u015fmektedir&#8221; dedi.<\/p>\n<p>Mesaj\u0131nda \u00f6\u011fretmenlere ba\u015far\u0131lar dileyen Vali Co\u015fkun, &#8220;Sizler, \u00e7ocuklar\u0131m\u0131za necip bir milletin ferdi olman\u0131n onurunu ve aziz vatan\u0131m\u0131z\u0131 y\u00fcceltme idealini \u00f6\u011fretme sorumlulu\u011funu ta\u015f\u0131yorsunuz. \u00c7ocuklar\u0131m\u0131za kar\u015f\u0131 sevgiyle yakla\u015fman\u0131z, fikirlerini \u00f6nemseyip onlar\u0131 dinlemeniz ve sab\u0131rla yol g\u00f6stermeye devam etmeniz, e\u011fitimin ba\u015far\u0131s\u0131n\u0131n temelini olu\u015fturmaktad\u0131r. D\u00fcnyan\u0131n en zor ama ayn\u0131 zamanda en onurlu mesleklerinden birini icra ederken, her \u015fartta sevgi ve sab\u0131r y\u00f6n\u00fcnden c\u00f6mert davranaca\u011f\u0131n\u0131za olan inanc\u0131m\u0131z tamd\u0131r. Yeni e\u011fitim-\u00f6\u011fretim y\u0131l\u0131n\u0131n sizler i\u00e7in sa\u011fl\u0131kl\u0131, ba\u015far\u0131l\u0131 ve verimli ge\u00e7mesini temenni ediyorum&#8221; ifadelerini kulland\u0131.<\/p>\n<p>Vali Co\u015fkun, \u00f6\u011frencilere de \u015fu nasihatlerde bulundu:<br \/>\n<br \/>&#8220;Ayd\u0131nl\u0131k bir gelece\u011fe ancak azimle \u00e7al\u0131\u015farak, sab\u0131rla emek vererek ula\u015fabilirsiniz. Kar\u015f\u0131n\u0131za \u00e7\u0131kan her zorluk, y\u0131lmadan ve pes etmeden a\u015fman\u0131z gereken birer basamakt\u0131r. Sizler milletimizin umudu, gelece\u011fimizin teminat\u0131s\u0131n\u0131z. \u00d6\u011fretmenlerinizin ve ailelerinizin emeklerini bo\u015fa \u00e7\u0131karmayaca\u011f\u0131n\u0131za, bilgiyle donan\u0131p g\u00fczel ahlakla yo\u011frularak \u00fclkemizi daha da y\u00fcceltece\u011finize y\u00fcrekten inan\u0131yorum. Unutmay\u0131n ki en b\u00fcy\u00fck dostunuz g\u00fczel ahlak, en g\u00fc\u00e7l\u00fc silah\u0131n\u0131z bilgi, en b\u00fcy\u00fck d\u00fc\u015fman\u0131n\u0131z ise tembellik ve cehalettir&#8221;<\/p>\n<p>Velilerin e\u011fitimin \u00f6nemli unsurlar\u0131ndan oldu\u011funun alt\u0131n\u0131 \u00e7izen Vali Co\u015fkun, &#8220;\u00c7ocuklar\u0131m\u0131z\u0131n ilk rehberi olan sizlerin sevgisi, ilgisi ve y\u00f6nlendirmesi, onlar\u0131n ki\u015filiklerinin \u015fekillenmesinde belirleyici bir rol oynamaktad\u0131r. Yavrular\u0131m\u0131z\u0131, mill\u00ee ve manevi de\u011ferlerimizi \u00f6z\u00fcmsemi\u015f bireyler olarak yeti\u015fmelerine katk\u0131 sunman\u0131z b\u00fcy\u00fck \u00f6nem ta\u015f\u0131maktad\u0131r. Onlar\u0131n en yak\u0131n dostu ve en g\u00fc\u00e7l\u00fc \u00f6rne\u011fi sizlersiniz. Bu bilin\u00e7le okul y\u00f6netimleri ve \u00f6\u011fretmenlerimizle i\u015f birli\u011fi i\u00e7inde hareket etmeniz, \u00e7ocuklar\u0131m\u0131z\u0131n gelece\u011fe daha sa\u011flam ad\u0131mlarla haz\u0131rlanmalar\u0131n\u0131 sa\u011flayacakt\u0131r. Bu duygu ve d\u00fc\u015f\u00fcncelerle, 2025-2026 e\u011fitim-\u00f6\u011fretim y\u0131l\u0131n\u0131n sevgili \u00f6\u011frencilerimize, de\u011ferli ailelerimize, sayg\u0131de\u011fer \u00f6\u011fretmenlerimize ve t\u00fcm e\u011fitim camiam\u0131za hay\u0131rl\u0131 olmas\u0131n\u0131 diliyor; e\u011fitim yolculu\u011funda emek veren t\u00fcm payda\u015flara ba\u015far\u0131 dileklerimle selam ve sayg\u0131lar\u0131m\u0131 sunuyorum&#8221; \u015feklinde konu\u015ftu.<br \/><\/p>\n","protected":false},"excerpt":{"rendered":"<p>DEN\u0130ZL\u0130 (\u0130HA) \u2013 Yeni e\u011fitim \u00f6\u011fretim y\u0131l\u0131 mesaj\u0131nda \u00f6\u011frencilere seslenen Denizli Valisi \u00d6mer Faruk Co\u015fkun, &#8220;En b\u00fcy\u00fck dostunuz g\u00fczel ahlak, en g\u00fc\u00e7l\u00fc silah\u0131n\u0131z bilgi, en b\u00fcy\u00fck d\u00fc\u015fman\u0131n\u0131z ise tembellik ve cehalettir&#8221; dedi. Vali \u00d6mer Faruk Co\u015fkun, 2025-2026 e\u011fitim \u00f6\u011fretim y\u0131l\u0131n\u0131n ba\u015flamas\u0131 dolay\u0131s\u0131yla bir mesaj yay\u0131mlad\u0131. Vali Co\u015fkun, mesaj\u0131nda; &#8220;Gelece\u011fimizin teminat\u0131 olan \u00f6\u011frencilerimiz ve maarif ordumuzun&#8230;<\/p>\n","protected":false},"author":1,"featured_media":53365,"comment_status":"open","ping_status":"open","sticky":false,"template":"","format":"standard","meta":{"_crdt_document":"","footnotes":""},"categories":[1],"tags":[],"class_list":["post-53364","post","type-post","status-publish","format-standard","has-post-thumbnail","hentry","category-guncel"],"_links":{"self":[{"href":"https:\/\/www.egemtv.com\/index.php?rest_route=\/wp\/v2\/posts\/53364","targetHints":{"allow":["GET"]}}],"collection":[{"href":"https:\/\/www.egemtv.com\/index.php?rest_route=\/wp\/v2\/posts"}],"about":[{"href":"https:\/\/www.egemtv.com\/index.php?rest_route=\/wp\/v2\/types\/post"}],"author":[{"embeddable":true,"href":"https:\/\/www.egemtv.com\/index.php?rest_route=\/wp\/v2\/users\/1"}],"replies":[{"embeddable":true,"href":"https:\/\/www.egemtv.com\/index.php?rest_route=%2Fwp%2Fv2%2Fcomments&post=53364"}],"version-history":[{"count":1,"href":"https:\/\/www.egemtv.com\/index.php?rest_route=\/wp\/v2\/posts\/53364\/revisions"}],"predecessor-version":[{"id":53366,"href":"https:\/\/www.egemtv.com\/index.php?rest_route=\/wp\/v2\/posts\/53364\/revisions\/53366"}],"wp:featuredmedia":[{"embeddable":true,"href":"https:\/\/www.egemtv.com\/index.php?rest_route=\/wp\/v2\/media\/53365"}],"wp:attachment":[{"href":"https:\/\/www.egemtv.com\/index.php?rest_route=%2Fwp%2Fv2%2Fmedia&parent=53364"}],"wp:term":[{"taxonomy":"category","embeddable":true,"href":"https:\/\/www.egemtv.com\/index.php?rest_route=%2Fwp%2Fv2%2Fcategories&post=53364"},{"taxonomy":"post_tag","embeddable":true,"href":"https:\/\/www.egemtv.com\/index.php?rest_route=%2Fwp%2Fv2%2Ftags&post=53364"}],"curies":[{"name":"wp","href":"https:\/\/api.w.org\/{rel}","templated":true}]}}