{"id":53361,"date":"2025-09-08T06:14:38","date_gmt":"2025-09-08T03:14:38","guid":{"rendered":"https:\/\/www.egemtv.com\/?p=53361"},"modified":"2025-09-08T06:14:39","modified_gmt":"2025-09-08T03:14:39","slug":"kutahyada-hayme-anayi-anma-ve-goc-senlikleri","status":"publish","type":"post","link":"https:\/\/www.egemtv.com\/?p=53361","title":{"rendered":"K\u00fctahya\u2019da Hayme Ana\u2019y\u0131 Anma ve G\u00f6\u00e7 \u015eenlikleri"},"content":{"rendered":"<p>Osmanl\u0131 Devleti\u2019nin kurucusu Osman Gazi\u2019nin babaannesi, Ertu\u011frul Gazi\u2019nin annesi ve &#8220;Devlet Ana&#8221; olarak bilinen Hayme Ana, vefat\u0131n\u0131n 744. y\u0131l\u0131nda K\u00fctahya\u2019n\u0131n Domani\u00e7 il\u00e7esine ba\u011fl\u0131 \u00c7ar\u015famba k\u00f6y\u00fcnde dualarla an\u0131ld\u0131.<br \/>\n<br \/>Alt\u0131 as\u0131r boyunca \u00fc\u00e7 k\u0131tada h\u00fck\u00fcm s\u00fcren Osmanl\u0131 Devleti\u2019nin kurulu\u015funa \u0131\u015f\u0131k tutan Hayme Ana i\u00e7in d\u00fczenlenen anma program\u0131, co\u015fku ve manevi atmosfer i\u00e7erisinde ger\u00e7ekle\u015ftirildi. Hayme Ana\u2019n\u0131n kabri ba\u015f\u0131nda edilen dualar\u0131n ard\u0131ndan t\u00f6ren alan\u0131na ge\u00e7en Vali Musa I\u015f\u0131n ve beraberindeki protokol \u00fcyeleri, k\u0131l \u00e7ad\u0131rlar\u0131 ziyaret ederek vatanda\u015flarla sohbet etti. Protokol\u00fcn halk\u0131 selamlamas\u0131yla ba\u015flayan t\u00f6ren, sayg\u0131 duru\u015fu ve \u0130stiklal Mar\u015f\u0131\u2019n\u0131n okunmas\u0131yla devam etti. Ard\u0131ndan Kur\u2019an-\u0131 Kerim tilaveti ger\u00e7ekle\u015ftirildi; Hayme Ana ve ebediyete irtihal eden t\u00fcm kahramanlar dualarla yad edildi. Programda halk oyunlar\u0131, mehteran tak\u0131m\u0131, kad\u0131n k\u0131l\u0131\u00e7 kalkan ekibi ve atl\u0131 sava\u015f sanatlar\u0131 g\u00f6sterileri izleyenlere tarihi bir atmosfer ya\u015fatt\u0131. Ayr\u0131ca Kurulu\u015f Osman dizisi oyuncular\u0131 da davetliler aras\u0131nda yer ald\u0131. Geleneksel olarak etli pilav ve ayran ikram\u0131 yap\u0131ld\u0131. Etkinlik, halk konseriyle co\u015fkulu bir \u015fekilde s\u00fcrd\u00fc.<br \/>\n<br \/>Programa, Emniyet Genel M\u00fcd\u00fcrl\u00fc\u011f\u00fc Atl\u0131 Polis Birli\u011fi ve Jandarma Genel Komutanl\u0131\u011f\u0131 Atl\u0131 Jandarma Birli\u011fi de kat\u0131larak etkinli\u011fe renk katt\u0131.<br \/>\n<br \/>Anma etkinliklerine; Vali Musa I\u015f\u0131n, Milletvekilleri Mehmet Demir, Ahmet Erba\u015f ve Ali Faz\u0131l Kasap, Belediye Ba\u015fkan\u0131 Ey\u00fcp Kahveci, Domani\u00e7 Kaymakam\u0131 Serhat Ba\u011fc\u0131, Domani\u00e7 Belediye Ba\u015fkan\u0131 Engin Uysal, il protokol\u00fc ve \u00e7ok say\u0131da vatanda\u015f kat\u0131ld\u0131.<br \/><\/p>\n","protected":false},"excerpt":{"rendered":"<p>Osmanl\u0131 Devleti\u2019nin kurucusu Osman Gazi\u2019nin babaannesi, Ertu\u011frul Gazi\u2019nin annesi ve &#8220;Devlet Ana&#8221; olarak bilinen Hayme Ana, vefat\u0131n\u0131n 744. y\u0131l\u0131nda K\u00fctahya\u2019n\u0131n Domani\u00e7 il\u00e7esine ba\u011fl\u0131 \u00c7ar\u015famba k\u00f6y\u00fcnde dualarla an\u0131ld\u0131. Alt\u0131 as\u0131r boyunca \u00fc\u00e7 k\u0131tada h\u00fck\u00fcm s\u00fcren Osmanl\u0131 Devleti\u2019nin kurulu\u015funa \u0131\u015f\u0131k tutan Hayme Ana i\u00e7in d\u00fczenlenen anma program\u0131, co\u015fku ve manevi atmosfer i\u00e7erisinde ger\u00e7ekle\u015ftirildi. Hayme Ana\u2019n\u0131n kabri ba\u015f\u0131nda&#8230;<\/p>\n","protected":false},"author":1,"featured_media":53362,"comment_status":"open","ping_status":"open","sticky":false,"template":"","format":"standard","meta":{"_crdt_document":"","footnotes":""},"categories":[123],"tags":[],"class_list":["post-53361","post","type-post","status-publish","format-standard","has-post-thumbnail","hentry","category-gundem"],"_links":{"self":[{"href":"https:\/\/www.egemtv.com\/index.php?rest_route=\/wp\/v2\/posts\/53361","targetHints":{"allow":["GET"]}}],"collection":[{"href":"https:\/\/www.egemtv.com\/index.php?rest_route=\/wp\/v2\/posts"}],"about":[{"href":"https:\/\/www.egemtv.com\/index.php?rest_route=\/wp\/v2\/types\/post"}],"author":[{"embeddable":true,"href":"https:\/\/www.egemtv.com\/index.php?rest_route=\/wp\/v2\/users\/1"}],"replies":[{"embeddable":true,"href":"https:\/\/www.egemtv.com\/index.php?rest_route=%2Fwp%2Fv2%2Fcomments&post=53361"}],"version-history":[{"count":1,"href":"https:\/\/www.egemtv.com\/index.php?rest_route=\/wp\/v2\/posts\/53361\/revisions"}],"predecessor-version":[{"id":53363,"href":"https:\/\/www.egemtv.com\/index.php?rest_route=\/wp\/v2\/posts\/53361\/revisions\/53363"}],"wp:featuredmedia":[{"embeddable":true,"href":"https:\/\/www.egemtv.com\/index.php?rest_route=\/wp\/v2\/media\/53362"}],"wp:attachment":[{"href":"https:\/\/www.egemtv.com\/index.php?rest_route=%2Fwp%2Fv2%2Fmedia&parent=53361"}],"wp:term":[{"taxonomy":"category","embeddable":true,"href":"https:\/\/www.egemtv.com\/index.php?rest_route=%2Fwp%2Fv2%2Fcategories&post=53361"},{"taxonomy":"post_tag","embeddable":true,"href":"https:\/\/www.egemtv.com\/index.php?rest_route=%2Fwp%2Fv2%2Ftags&post=53361"}],"curies":[{"name":"wp","href":"https:\/\/api.w.org\/{rel}","templated":true}]}}