{"id":53355,"date":"2025-09-08T01:54:35","date_gmt":"2025-09-07T22:54:35","guid":{"rendered":"https:\/\/www.egemtv.com\/?p=53355"},"modified":"2025-09-08T01:54:36","modified_gmt":"2025-09-07T22:54:36","slug":"kanli-ay-izmire-gorsel-solen-yasatti","status":"publish","type":"post","link":"https:\/\/www.egemtv.com\/?p=53355","title":{"rendered":"Kanl\u0131 ay \u0130zmir\u2019e g\u00f6rsel \u015f\u00f6len ya\u015fatt\u0131"},"content":{"rendered":"<p>7 Eyl\u00fcl 2025 pazar ak\u015fam\u0131 meydana gelen tam ay tutulmas\u0131, T\u00fcrkiye\u2019nin bir\u00e7ok noktas\u0131nda oldu\u011fu gibi \u0130zmir\u2019den de g\u00f6zlemlendi.<br \/>\n<br \/>Astronomide &#8220;Tam Ay tutulmas\u0131&#8221; olarak adland\u0131r\u0131lan ve halk aras\u0131nda &#8220;Kanl\u0131 Ay&#8221; diye bilinen g\u00f6ky\u00fcz\u00fc olay\u0131, saat 19.27\u2019de par\u00e7al\u0131 tutulmayla ba\u015flad\u0131. 20.30\u2019da taml\u0131\u011fa giren Ay, 21.11\u2019de maksimum evresine ula\u015ft\u0131 ve bu s\u0131rada k\u0131z\u0131l bir renge b\u00fcr\u00fcnd\u00fc. Tutulma, 21.52\u2019de taml\u0131\u011f\u0131n sona ermesiyle k\u0131smi evreye ge\u00e7ti ve 22.56\u2019da tamamen sonland\u0131. T\u00fcrkiye\u2019nin neredeyse tamam\u0131ndan g\u00f6zlenebilen tutulma \u0130zmir\u2019de \u00f6zellikle do\u011fu ufku a\u00e7\u0131k b\u00f6lgelerden g\u00f6ky\u00fcz\u00fc merakl\u0131lar\u0131 ve foto\u011fraf\u00e7\u0131lar taraf\u0131ndan ilgiyle izlendi. Hava \u015fartlar\u0131n\u0131n g\u00f6zlem i\u00e7in uygun oldu\u011fu \u0130zmir\u2019de \u2019Kanl\u0131 Ay\u2019 tutulmas\u0131 hem foto\u011frafland\u0131 hem de g\u00f6r\u00fcnt\u00fclendi.<br \/>\n<br \/>Ay\u2019\u0131n D\u00fcnya atmosferindeki k\u0131r\u0131n\u0131m nedeniyle k\u0131z\u0131l g\u00f6r\u00fcnmesi sonucu ortaya \u00e7\u0131kan tutulma uzun bir s\u00fcre bir daha g\u00f6zlemlenemeyecek.<br \/><\/p>\n","protected":false},"excerpt":{"rendered":"<p>7 Eyl\u00fcl 2025 pazar ak\u015fam\u0131 meydana gelen tam ay tutulmas\u0131, T\u00fcrkiye\u2019nin bir\u00e7ok noktas\u0131nda oldu\u011fu gibi \u0130zmir\u2019den de g\u00f6zlemlendi. Astronomide &#8220;Tam Ay tutulmas\u0131&#8221; olarak adland\u0131r\u0131lan ve halk aras\u0131nda &#8220;Kanl\u0131 Ay&#8221; diye bilinen g\u00f6ky\u00fcz\u00fc olay\u0131, saat 19.27\u2019de par\u00e7al\u0131 tutulmayla ba\u015flad\u0131. 20.30\u2019da taml\u0131\u011fa giren Ay, 21.11\u2019de maksimum evresine ula\u015ft\u0131 ve bu s\u0131rada k\u0131z\u0131l bir renge b\u00fcr\u00fcnd\u00fc. Tutulma, 21.52\u2019de&#8230;<\/p>\n","protected":false},"author":1,"featured_media":53356,"comment_status":"open","ping_status":"open","sticky":false,"template":"","format":"standard","meta":{"_crdt_document":"","footnotes":""},"categories":[1],"tags":[],"class_list":["post-53355","post","type-post","status-publish","format-standard","has-post-thumbnail","hentry","category-guncel"],"_links":{"self":[{"href":"https:\/\/www.egemtv.com\/index.php?rest_route=\/wp\/v2\/posts\/53355","targetHints":{"allow":["GET"]}}],"collection":[{"href":"https:\/\/www.egemtv.com\/index.php?rest_route=\/wp\/v2\/posts"}],"about":[{"href":"https:\/\/www.egemtv.com\/index.php?rest_route=\/wp\/v2\/types\/post"}],"author":[{"embeddable":true,"href":"https:\/\/www.egemtv.com\/index.php?rest_route=\/wp\/v2\/users\/1"}],"replies":[{"embeddable":true,"href":"https:\/\/www.egemtv.com\/index.php?rest_route=%2Fwp%2Fv2%2Fcomments&post=53355"}],"version-history":[{"count":1,"href":"https:\/\/www.egemtv.com\/index.php?rest_route=\/wp\/v2\/posts\/53355\/revisions"}],"predecessor-version":[{"id":53357,"href":"https:\/\/www.egemtv.com\/index.php?rest_route=\/wp\/v2\/posts\/53355\/revisions\/53357"}],"wp:featuredmedia":[{"embeddable":true,"href":"https:\/\/www.egemtv.com\/index.php?rest_route=\/wp\/v2\/media\/53356"}],"wp:attachment":[{"href":"https:\/\/www.egemtv.com\/index.php?rest_route=%2Fwp%2Fv2%2Fmedia&parent=53355"}],"wp:term":[{"taxonomy":"category","embeddable":true,"href":"https:\/\/www.egemtv.com\/index.php?rest_route=%2Fwp%2Fv2%2Fcategories&post=53355"},{"taxonomy":"post_tag","embeddable":true,"href":"https:\/\/www.egemtv.com\/index.php?rest_route=%2Fwp%2Fv2%2Ftags&post=53355"}],"curies":[{"name":"wp","href":"https:\/\/api.w.org\/{rel}","templated":true}]}}