{"id":53352,"date":"2025-09-07T23:34:43","date_gmt":"2025-09-07T20:34:43","guid":{"rendered":"https:\/\/www.egemtv.com\/?p=53352"},"modified":"2025-09-07T23:34:44","modified_gmt":"2025-09-07T20:34:44","slug":"demircide-kanli-ay-tutulmasi","status":"publish","type":"post","link":"https:\/\/www.egemtv.com\/?p=53352","title":{"rendered":"Demirci\u2019de kanl\u0131 ay tutulmas\u0131"},"content":{"rendered":"<p>Manisa\u2019n\u0131n Demirci il\u00e7esinde kanl\u0131 ay tutulmas\u0131 objektiflere yans\u0131d\u0131.<br \/>\n<br \/>D\u00fcnyan\u0131n bir\u00e7ok b\u00f6lgesinden izlenebilen kanl\u0131 ay tutulmas\u0131 Manisa\u2019n\u0131n Demirci il\u00e7esinde de izlendi. B\u00fcy\u00fcleyici do\u011fa olay\u0131nda foto\u011fraf tutkunlar\u0131 o anlar\u0131 objektifleriyle \u00f6l\u00fcms\u00fczle\u015ftirdi.<br \/><\/p>\n","protected":false},"excerpt":{"rendered":"<p>Manisa\u2019n\u0131n Demirci il\u00e7esinde kanl\u0131 ay tutulmas\u0131 objektiflere yans\u0131d\u0131. D\u00fcnyan\u0131n bir\u00e7ok b\u00f6lgesinden izlenebilen kanl\u0131 ay tutulmas\u0131 Manisa\u2019n\u0131n Demirci il\u00e7esinde de izlendi. B\u00fcy\u00fcleyici do\u011fa olay\u0131nda foto\u011fraf tutkunlar\u0131 o anlar\u0131 objektifleriyle \u00f6l\u00fcms\u00fczle\u015ftirdi.<\/p>\n","protected":false},"author":1,"featured_media":53353,"comment_status":"open","ping_status":"open","sticky":false,"template":"","format":"standard","meta":{"_crdt_document":"","footnotes":""},"categories":[1],"tags":[],"class_list":["post-53352","post","type-post","status-publish","format-standard","has-post-thumbnail","hentry","category-guncel"],"_links":{"self":[{"href":"https:\/\/www.egemtv.com\/index.php?rest_route=\/wp\/v2\/posts\/53352","targetHints":{"allow":["GET"]}}],"collection":[{"href":"https:\/\/www.egemtv.com\/index.php?rest_route=\/wp\/v2\/posts"}],"about":[{"href":"https:\/\/www.egemtv.com\/index.php?rest_route=\/wp\/v2\/types\/post"}],"author":[{"embeddable":true,"href":"https:\/\/www.egemtv.com\/index.php?rest_route=\/wp\/v2\/users\/1"}],"replies":[{"embeddable":true,"href":"https:\/\/www.egemtv.com\/index.php?rest_route=%2Fwp%2Fv2%2Fcomments&post=53352"}],"version-history":[{"count":1,"href":"https:\/\/www.egemtv.com\/index.php?rest_route=\/wp\/v2\/posts\/53352\/revisions"}],"predecessor-version":[{"id":53354,"href":"https:\/\/www.egemtv.com\/index.php?rest_route=\/wp\/v2\/posts\/53352\/revisions\/53354"}],"wp:featuredmedia":[{"embeddable":true,"href":"https:\/\/www.egemtv.com\/index.php?rest_route=\/wp\/v2\/media\/53353"}],"wp:attachment":[{"href":"https:\/\/www.egemtv.com\/index.php?rest_route=%2Fwp%2Fv2%2Fmedia&parent=53352"}],"wp:term":[{"taxonomy":"category","embeddable":true,"href":"https:\/\/www.egemtv.com\/index.php?rest_route=%2Fwp%2Fv2%2Fcategories&post=53352"},{"taxonomy":"post_tag","embeddable":true,"href":"https:\/\/www.egemtv.com\/index.php?rest_route=%2Fwp%2Fv2%2Ftags&post=53352"}],"curies":[{"name":"wp","href":"https:\/\/api.w.org\/{rel}","templated":true}]}}