{"id":53349,"date":"2025-09-07T23:16:59","date_gmt":"2025-09-07T20:16:59","guid":{"rendered":"https:\/\/www.egemtv.com\/?p=53349"},"modified":"2025-09-07T23:17:00","modified_gmt":"2025-09-07T20:17:00","slug":"hisarcikta-bag-evinde-korkutan-yangin","status":"publish","type":"post","link":"https:\/\/www.egemtv.com\/?p=53349","title":{"rendered":"Hisarc\u0131k\u2019ta ba\u011f evinde korkutan yang\u0131n"},"content":{"rendered":"<p>K\u00fctahya\u2019n\u0131n Hisarc\u0131k il\u00e7esinde ba\u011f evinde \u00e7\u0131kan yang\u0131n ormana s\u0131\u00e7ramadan s\u00f6nd\u00fcr\u00fcld\u00fc.<br \/>\n<br \/>Edinilen bilgiye g\u00f6re, Kepez mevkiinde bulunan Hakan Karadana\u2019ya ait ba\u011f evinde ak\u015fam saatlerinde hen\u00fcz belirlenemeyen bir nedenle yang\u0131n \u00e7\u0131kt\u0131. \u0130hbar \u00fczerine b\u00f6lgeye itfaiye ve jandarma ekipleri sevk edildi. Yang\u0131na Hisarc\u0131k Belediyesi 2 itfaiye arac\u0131 ve Orman \u0130\u015fletme \u015fefli\u011finden 1 araz\u00f6z ile m\u00fcdahale edildi. Ekiplerin zaman\u0131nda m\u00fcdahalesi sonucu yang\u0131n ormanl\u0131k alana s\u0131\u00e7ramadan s\u00f6nd\u00fcr\u00fcld\u00fc. Yang\u0131nda ba\u011f evinin \u00e7at\u0131s\u0131 tamamen yand\u0131. Yang\u0131n\u0131n ba\u011f evi sahibinin \u00e7ocu\u011funun s\u00fcnnet d\u00fc\u011f\u00fcn\u00fc esnas\u0131nda \u00e7\u0131kmas\u0131 ve ba\u011f evinde elektrik bulunmamas\u0131 sabotaj ihtimalini kuvvetlendirirken, yang\u0131nla ilgili geni\u015f \u00e7apl\u0131 soru\u015fturma ba\u015flat\u0131ld\u0131.<br \/><\/p>\n","protected":false},"excerpt":{"rendered":"<p>K\u00fctahya\u2019n\u0131n Hisarc\u0131k il\u00e7esinde ba\u011f evinde \u00e7\u0131kan yang\u0131n ormana s\u0131\u00e7ramadan s\u00f6nd\u00fcr\u00fcld\u00fc. Edinilen bilgiye g\u00f6re, Kepez mevkiinde bulunan Hakan Karadana\u2019ya ait ba\u011f evinde ak\u015fam saatlerinde hen\u00fcz belirlenemeyen bir nedenle yang\u0131n \u00e7\u0131kt\u0131. \u0130hbar \u00fczerine b\u00f6lgeye itfaiye ve jandarma ekipleri sevk edildi. Yang\u0131na Hisarc\u0131k Belediyesi 2 itfaiye arac\u0131 ve Orman \u0130\u015fletme \u015fefli\u011finden 1 araz\u00f6z ile m\u00fcdahale edildi. Ekiplerin zaman\u0131nda&#8230;<\/p>\n","protected":false},"author":1,"featured_media":53350,"comment_status":"open","ping_status":"open","sticky":false,"template":"","format":"standard","meta":{"_crdt_document":"","footnotes":""},"categories":[5],"tags":[],"class_list":["post-53349","post","type-post","status-publish","format-standard","has-post-thumbnail","hentry","category-asayis"],"_links":{"self":[{"href":"https:\/\/www.egemtv.com\/index.php?rest_route=\/wp\/v2\/posts\/53349","targetHints":{"allow":["GET"]}}],"collection":[{"href":"https:\/\/www.egemtv.com\/index.php?rest_route=\/wp\/v2\/posts"}],"about":[{"href":"https:\/\/www.egemtv.com\/index.php?rest_route=\/wp\/v2\/types\/post"}],"author":[{"embeddable":true,"href":"https:\/\/www.egemtv.com\/index.php?rest_route=\/wp\/v2\/users\/1"}],"replies":[{"embeddable":true,"href":"https:\/\/www.egemtv.com\/index.php?rest_route=%2Fwp%2Fv2%2Fcomments&post=53349"}],"version-history":[{"count":1,"href":"https:\/\/www.egemtv.com\/index.php?rest_route=\/wp\/v2\/posts\/53349\/revisions"}],"predecessor-version":[{"id":53351,"href":"https:\/\/www.egemtv.com\/index.php?rest_route=\/wp\/v2\/posts\/53349\/revisions\/53351"}],"wp:featuredmedia":[{"embeddable":true,"href":"https:\/\/www.egemtv.com\/index.php?rest_route=\/wp\/v2\/media\/53350"}],"wp:attachment":[{"href":"https:\/\/www.egemtv.com\/index.php?rest_route=%2Fwp%2Fv2%2Fmedia&parent=53349"}],"wp:term":[{"taxonomy":"category","embeddable":true,"href":"https:\/\/www.egemtv.com\/index.php?rest_route=%2Fwp%2Fv2%2Fcategories&post=53349"},{"taxonomy":"post_tag","embeddable":true,"href":"https:\/\/www.egemtv.com\/index.php?rest_route=%2Fwp%2Fv2%2Ftags&post=53349"}],"curies":[{"name":"wp","href":"https:\/\/api.w.org\/{rel}","templated":true}]}}