{"id":53346,"date":"2025-09-07T23:16:58","date_gmt":"2025-09-07T20:16:58","guid":{"rendered":"https:\/\/www.egemtv.com\/?p=53346"},"modified":"2025-09-07T23:16:59","modified_gmt":"2025-09-07T20:16:59","slug":"bulent-arinc-turkiye-ne-gorduyse-ak-parti-sayesinde-gordu","status":"publish","type":"post","link":"https:\/\/www.egemtv.com\/?p=53346","title":{"rendered":"B\u00fclent Ar\u0131n\u00e7: &#8220;T\u00fcrkiye ne g\u00f6rd\u00fcyse AK Parti sayesinde g\u00f6rd\u00fc&#8221;"},"content":{"rendered":"<p>Eski TBMM Ba\u015fkan\u0131 B\u00fclent Ar\u0131n\u00e7, &#8220;T\u00fcrkiye ne g\u00f6rd\u00fcyse AK Parti sayesinde g\u00f6rd\u00fc. Bu yollar\u0131m\u0131z AK Parti sayesinde oldu. Bu hastanelerimiz AK Parti sayesinde oldu. Bu barajlar\u0131m\u0131z, g\u00f6letlerimiz, enerjimiz AK Parti sayesinde oldu&#8221; dedi.<br \/>\n<br \/>Eski TBMM Ba\u015fkan\u0131 B\u00fclent Ar\u0131n\u00e7, AK Parti \u015eehzadeler \u0130l\u00e7e Ba\u015fkanl\u0131\u011f\u0131 taraf\u0131ndan Yunusemre il\u00e7esindeki bi otelde d\u00fczenlenen &#8220;Sofram\u0131z Bir Davam\u0131z Bir&#8221; program\u0131nda partililere hitap etti. Programa AK Parti MKYK \u00dcyesi ve Manisa Milletvekili Ahmet M\u00fccahit Ar\u0131n\u00e7 ile AK Parti \u015eehzadeler \u0130l\u00e7e Ba\u015fkan\u0131 Ahmet Nalband da kat\u0131ld\u0131.<br \/>\n<br \/>Siyasi hayat\u0131na Milli Selamet Partisi ile ba\u015flad\u0131\u011f\u0131n\u0131 hat\u0131rlatan B\u00fclent Ar\u0131n\u00e7, Refah ve Fazilet Partilerinde iki d\u00f6nem milletvekilli\u011fi yapt\u0131\u011f\u0131n\u0131, AK Parti\u2019nin kurulu\u015funda yer ald\u0131\u011f\u0131n\u0131 ve \u00fc\u00e7 d\u00f6nem Manisa Milletvekili olarak g\u00f6rev yapt\u0131\u011f\u0131n\u0131 belirtti. Ar\u0131n\u00e7, bug\u00fcn ayn\u0131 g\u00f6revi o\u011flu Ahmet M\u00fccahit Ar\u0131n\u00e7\u2019\u0131n s\u00fcrd\u00fcrmesinden duydu\u011fu memnuniyeti dile getirerek, &#8220;Elimizden ne geliyorsa eksi\u011fi olmadan fazlas\u0131yla \u00e7al\u0131\u015fmal\u0131y\u0131z ki AK Parti\u2019nin 22-23 y\u0131ll\u0131k iktidar\u0131n\u0131 devam ettirelim&#8221; dedi.<br \/>\n<br \/>AK Parti iktidar\u0131n\u0131n T\u00fcrkiye\u2019ye kazand\u0131rd\u0131\u011f\u0131 hizmetlere dikkat \u00e7eken Ar\u0131n\u00e7, &#8220;T\u00fcrkiye ne g\u00f6rd\u00fcyse Allah i\u00e7in ben i\u00e7inizde bunu \u00e7ok fazla ya\u015fam\u0131\u015f bir karde\u015finizim. AK Parti sayesinde g\u00f6rd\u00fc. Bu yollar\u0131m\u0131z AK Parti sayesinde oldu. Bu hastanelerimiz AK Parti sayesinde oldu. Bu barajlar\u0131m\u0131z, g\u00f6letlerimiz, enerjimiz AK Parti sayesinde oldu. Bizzat i\u00e7inde bulundu\u011fum i\u00e7in s\u00f6yl\u00fcyorum. Hepsi bunlardan dolay\u0131 milletimizden hem dua ald\u0131k, hem oy ald\u0131k&#8221; diye konu\u015ftu.<\/p>\n<p>&#8220;Bal gibi olur&#8221;<br \/>\n<br \/>AK Parti\u2019nin 23 y\u0131ldan beridir iktidar\u0131n\u0131n devam etti\u011fini vurgulayan Ar\u0131n\u00e7, &#8220;2017\u2019ye kadar se\u00e7imlere girerdik. Parlamenter sistem vard\u0131. 1. parti olurduk. Y\u00fczde 34,5\u2019la ba\u015flad\u0131k 2002\u2019de. Y\u00fczde 41\u2019lere, 45\u2019lere geldik. Y\u00fczde 49,5, y\u00fczde 50\u2019lere geldik. De\u011fi\u015fen oranlarda biz hep iktidar olduk. \u00c7\u00fcnk\u00fc 1. partiyiz. Meclisin neredeyse \u00fc\u00e7te ikisi bizim oluyordu. \u015eimdi ittifak sistemi var. Yine ittifak sisteminde en \u00e7ok milletvekili bizim. Ama yan\u0131m\u0131zda bir veya birka\u00e7 partide ortak bu i\u015fi devam ettiriyoruz. Bug\u00fcn Say\u0131n Cumhurba\u015fkan\u0131m\u0131z\u0131n da bizim de g\u00f6n\u00fclden bir hedefimiz var. Y\u00fczde 35-40\u2019ta kalan oyumuz \u015fimdi y\u00fczde 50 olur mu? Bal gibi olur. Sizler bizim i\u00e7in \u00e7ok k\u0131ymetlisiniz. \u0130n\u015fallah bu beraberli\u011fimizi devam ettirelim. Cumhurba\u015fkan\u0131m\u0131z\u0131n da hepimizin de hedefi tekrar y\u00fczde 50\u2019leri alacak bir AK Parti\u2019yi ortaya \u00e7\u0131karaca\u011f\u0131z. Sizi, bu \u00e7al\u0131\u015fmalar\u0131n\u0131zla millet tekrar ba\u015fa getirecek. Ben bundan eminim. \u00c7\u00fcnk\u00fc ya\u015f\u0131 23-24 olanlar biz geldi\u011fimiz g\u00fcn do\u011fanlar bug\u00fcn bu ya\u015fta ne g\u00f6rd\u00fclerse bizim sayemizde g\u00f6rd\u00fcler. Sayemizde derken k\u00fc\u00e7\u00fcmsemek i\u00e7in s\u00f6ylemiyorum. Ge\u00e7mi\u015fte bizim ya\u015f\u0131m\u0131zda olanlar ne yol g\u00f6rd\u00fc, ne baraj g\u00f6rd\u00fc, ne g\u00f6let g\u00f6rd\u00fc. \u00c7ok \u015f\u00fck\u00fcr bunlar\u0131 biz yapt\u0131k, sizden ald\u0131\u011f\u0131m\u0131z g\u00fc\u00e7le yapt\u0131k. D\u00fc\u015f\u00fcnebiliyor musun? tek ba\u015f\u0131na iktidar. Ben 1950\u2019den itibaren yak\u0131n siyasi hayat\u0131 takip ediyorum. 1970\u2019den itibaren de i\u00e7indeyim. 3\u2019l\u00fc koalisyonlar, 4\u2019l\u00fc koalisyonlar \u00f6m\u00fcrleri bir y\u0131l\u0131 ge\u00e7miyor. Biz geldik 60. h\u00fck\u00fcmeti kurduk. 60. h\u00fck\u00fcmete kadar h\u00fck\u00fcmetlerin ortalamas\u0131n\u0131 \u00e7\u0131kard\u0131k. Bir y\u0131l iki ay \u00e7\u0131kt\u0131. Bunlar\u0131n i\u00e7erisinde 5 ay s\u00fcren de var, iki sene s\u00fcren de var. Bizden \u00f6nce MHP, ANAP koalisyonu vard\u0131. 3 y\u0131l\u0131 zor buldular. Sonunda bize teslim edip gittiler. \u00c7ok \u015f\u00fck\u00fcr millet bize g\u00fcvendi ve biz de o g\u00fcveni hi\u00e7bir zaman bo\u015fa \u00e7\u0131karmad\u0131k.&#8221; dedi.<\/p>\n<p>&#8220;CHP birbirini yemeye ba\u015flad\u0131&#8221;<br \/>\n<br \/>Ar\u0131n\u00e7, s\u00f6zlerini \u015f\u00f6yle s\u00fcrd\u00fcrd\u00fc:<br \/>\n<br \/>&#8220;Son y\u0131llarda tabii T\u00fcrkiye\u2019nin ba\u015f\u0131ndan \u00e7ok i\u015fler ge\u00e7ti. B\u00fct\u00e7e imkanlar\u0131m\u0131z farkl\u0131la\u015ft\u0131 ve baz\u0131 hizmet aksamalar\u0131 oldu. Bir taraftan enflasyon, bir taraftan maa\u015flardaki erime falan. Bunlar bir \u00fclkenin do\u011fal ak\u0131\u015f\u0131 i\u00e7erisinde ya\u015fayaca\u011f\u0131 imtihanlard\u0131r. Bu imtihanlardan da ba\u015far\u0131yla ge\u00e7ece\u011fiz. Biraz sabrederek, biraz da gayret ederek, bu yolda \u00e7abalayarak. O y\u00fczden halk\u0131m\u0131z ge\u00e7mi\u015fte yapt\u0131\u011f\u0131m\u0131z hizmetlerimiz ve bug\u00fcn devam eden \u00e7abalar\u0131m\u0131z sebebiyle hala g\u00f6z\u00fcn\u00fc AK Parti\u2019den ay\u0131rm\u0131yor. Bunu bir nimet olarak d\u00fc\u015f\u00fcnelim. Bu bizim b\u00fcy\u00fck bir kazanc\u0131m\u0131zd\u0131r. \u0130kincisi de bizden ba\u015fka gidecek bir parti de yok ki. \u0130\u015fte mahalli se\u00e7imlerde ba\u015far\u0131l\u0131 oldu\u011fu g\u00f6r\u00fclen Cumhuriyet Halk Partisinin bug\u00fcn i\u00e7ine d\u00fc\u015ft\u00fc\u011f\u00fc hal. Birbirlerini yiyorlar. Birbirleri aleyhinde tan\u0131kl\u0131k yap\u0131yorlar. \u2019Sen az yedin, ben \u00e7ok yedim\u2019 kavgas\u0131na giriyorlar. Onlar\u0131 Allah korusun. Yani neden biz ge\u00e7en se\u00e7im Cumhurba\u015fkanl\u0131\u011f\u0131 se\u00e7imini ikinci turda bile olsa y\u00fczde 52 ile kazand\u0131k? \u00c7\u00fcnk\u00fc vatanda\u015f bak\u0131yor. Burada bir Tayyip Erdo\u011fan var. Bu s\u00f6z\u00fcn\u00fcn eri bir adam. Ak\u015fam s\u00f6yledi\u011fini sabah yapan bir insan. Peki bunun rakibi kim? \u0130\u015fte K\u0131l\u0131\u00e7daro\u011flu diye birisi. Peki ne yapacakt\u0131 T\u00fcrkiye\u2019yi y\u00f6netecek? Yan\u0131na 8 tane yard\u0131mc\u0131 alacakm\u0131\u015f. Bir de\u011fil, iki de\u011fil, \u00fc\u00e7 de\u011fil, d\u00f6rt de\u011fil, be\u015f de\u011fil. Saymakla yoruluyor insan. Alt\u0131 tanesi genel ba\u015fkan, iki tanesi de belediye ba\u015fkan\u0131. Bu adam ak\u015famdan sabaha bir i\u015f yap\u0131yor da, bu adam nas\u0131l yapacak? Gidecek diyelim ki Davuto\u011flu Babacan\u2019a, \u2019ben bir d\u00fc\u015f\u00fcnmem laz\u0131m. Benim de teklifim olacak. Babacan\u2019a gidecek, G\u00fcltekin\u2019e gidecek, ona gidecek, buna gidecek. 8 ki\u015fiye 8 ay verdikten sonra hangi i\u015fini yapabilirsin? Hangi i\u015fte ba\u015far\u0131l\u0131 olabilirsin? Vatanda\u015f bunu d\u00fc\u015f\u00fcn\u00fcr. Vatanda\u015f\u0131m\u0131z bizim ariftir. Ne zaman, nas\u0131l, kimin i\u00e7in oy kullanaca\u011f\u0131n\u0131 bilir. Ben 1999 se\u00e7imlerine milletvekili aday\u0131 olarak kat\u0131ld\u0131m. O zaman mahalli se\u00e7imlerde birle\u015fti. 1999 Nisan ay\u0131nda. Belki o g\u00fcnleri hat\u0131rlayanlar\u0131n\u0131z vard\u0131r. Tam 6 tane, 7 tane sand\u0131k yan yana koydu. Millet de bu i\u015fin keyfini \u00e7\u0131karmas\u0131n\u0131 biliyor. Belediye ba\u015fkanl\u0131\u011f\u0131 da farkl\u0131 kulland\u0131. Meclis \u00fcyeli\u011finde farkl\u0131 kulland\u0131. \u0130l genel meclis \u00fcyelerinde farkl\u0131 kulland\u0131. Ortaya yeni bir tablo \u00e7\u0131kt\u0131. Yani mahalli se\u00e7imlerde genel se\u00e7imlerin birbirinden farkl\u0131 oldu\u011funu bilmemiz mahalli se\u00e7imlerde aday\u0131n \u015fahs\u0131 \u00f6nemli oldu\u011fu kadar milletvekili se\u00e7imlerinde ve cumhurba\u015fkan\u0131 se\u00e7imlerinde hem parti hem de o \u015fah\u0131slar \u00e7ok \u00f6nemli. O y\u00fczden bug\u00fcn Manisa\u2019da belediyeler Cumhuriyet Halk Partisi\u2019ne ge\u00e7ti. Bu vesileyle B\u00fcy\u00fck\u015fehir Belediye Ba\u015fkan\u0131 Ferdi Zeyrek\u2019i rahmetle an\u0131yorum. Allah rahmet eylesin. Manisa\u2019m\u0131z\u0131n se\u00e7ti\u011fi g\u00fczel bir insand\u0131r. Kaderi b\u00f6yle olmu\u015f. Mecliste yapt\u0131\u011f\u0131 konu\u015fmay\u0131 hala unutmuyoruz. Biz insan\u0131m\u0131za sayg\u0131 duyuyoruz. \u0130stiyoruz ki Manisa i\u00e7in faydal\u0131 i\u015fler yaps\u0131nlar. Partizanl\u0131k yapmas\u0131nlar. Manisa\u2019n\u0131n neye ihtiyac\u0131 varsa bunu yerine getirsinler. \u00c7ok \u015f\u00fck\u00fcr bu noktada biz b\u00f6yle d\u00fc\u015f\u00fcn\u00fcrken onlar birbirleriyle kavga ederlerse, onlar partizanl\u0131k yaparlarsa, onlar menfaati \u00f6n planda tutarlarsa, inan\u0131n Manisal\u0131 bunu sonuna kadar hazmedemez, sabredemez. \u00d6n\u00fcm\u00fczdeki d\u00f6nem bunun cezas\u0131n\u0131 keser. Biz de kaybetti\u011fimiz yerlerde bazen tekrar kazanam\u0131yoruz. Bu da vard\u0131r. Ama biz \u00f6n\u00fcm\u00fczdeki se\u00e7imlerde hem cumhurba\u015fkanl\u0131\u011f\u0131 se\u00e7imini, hem milletvekili se\u00e7imlerini, hem de bir Manisal\u0131 hem\u015fehrimiz olarak Manisa\u2019y\u0131 dikkate alarak hi\u00e7 eksiksiz \u00e7al\u0131\u015fmalar\u0131m\u0131za devam edece\u011fiz. E\u015flerimiz bazen beraber, bazen kad\u0131n kollar\u0131m\u0131zla birlikte ki o da \u00e7ok gayretli karde\u015fimiz, mutlaka birebir ziyaretlerle, kom\u015fular\u0131 toplayarak, arkada\u015fl\u0131k \u00e7evresini geni\u015fleterek AK Parti\u2019nin T\u00fcrkiye i\u00e7in ne kadar l\u00fczumlu ve \u00f6nemli oldu\u011funu her zaman anlatmal\u0131y\u0131z. Bunu anlat\u0131rsak insanlar zaten g\u00f6nl\u00fc bizde.&#8221;<\/p>\n<p>&#8220;T\u00fcrkiye\u2019deki her 100 ki\u015fiden 78\u2019 AK Parti\u2019ye oy vermi\u015ftir&#8221;<br \/>\n<br \/>&#8220;T\u00fcrkiye\u2019de 100 ki\u015fiden 78\u2019i bu s\u00fcre\u00e7 i\u00e7erisinde en az bir defa AK Parti\u2019ye oy vermi\u015f insand\u0131r&#8221; diyen Ar\u0131n\u00e7, &#8220;Bu ba\u015fka insanlar i\u00e7in ba\u015fka partiler i\u00e7in yok. Vatanda\u015f bizlere oylar\u0131n\u0131 ya mahalli se\u00e7imde vermi\u015ftir, ya referandumda vermi\u015ftir, ya milletvekili se\u00e7iminde vermi\u015ftir. Bizim de b\u00f6yle bir akrabal\u0131\u011f\u0131 olan insan\u0131n en az\u0131ndan bir defa iki defa el s\u0131k\u0131\u015ft\u0131\u011f\u0131m\u0131z bir insan\u0131n bize ters d\u00f6nmesi m\u00fcmk\u00fcn de\u011fil. Yeter ki bizden bir yanl\u0131\u015fl\u0131k g\u00f6rmesin. Onlar\u0131n dezavantaj\u0131 bizim avantaj\u0131m\u0131z bu. Biz herkesin y\u00fcz\u00fcne bakm\u0131\u015f\u0131z. Herkese bir selam vermi\u015fiz. Herkes de bize bir defa, iki defa oy vermi\u015f. \u015eimdi bu aradaki so\u011fuklu\u011fu giderecek, \u00fclkenin \u015fartlar\u0131nda her g\u00fcn yeni, olumlu i\u015fler yaparak bu da Ankara\u2019n\u0131n i\u015fi. \u0130n\u015fallah tekrar halk\u0131m\u0131za kucakla\u015faca\u011f\u0131z, bar\u0131\u015faca\u011f\u0131z ve yeniden \u00e7ok g\u00fc\u00e7l\u00fc bir \u015fekilde hizmet kervan\u0131 devam edecek. T\u00fcrkiye\u2019deki istikrar AK Parti\u2019nin i\u015f yapan bir parti oldu\u011funu g\u00f6sterdi\u011fi i\u00e7indir. Bizim millet \u00f6yle lafa \u00e7ok bakmaz. Yani laf\u0131 s\u00f6yleyeni de be\u011fenir, sever ama i\u015f yapan insan\u0131 da unutmaz&#8221; \u015feklinde konu\u015ftu.<br \/>\n<br \/>AK Parti \u015eehzadeler \u0130l\u00e7e Ba\u015fkan\u0131 Ahmet Nalband da, birlik ve beraberli\u011fin \u00f6nemine vurgu yaparak, &#8220;Bu g\u00fczel ak\u015famda il\u00e7e y\u00f6netim kurulumuz ve k\u0131ymetli e\u015fleriyle g\u00f6n\u00fcl sofram\u0131zda bulu\u015fman\u0131n mutlulu\u011funu ya\u015f\u0131yoruz. Bizim i\u00e7in bu ak\u015fam\u0131 daha da anlaml\u0131 k\u0131lan \u00e7ok de\u011ferli konuklar\u0131m\u0131z var. T\u00fcrk siyasetinde bir ekol haline gelmi\u015f, devlet adaml\u0131\u011f\u0131n\u0131 vakar ve tevazu ile birle\u015ftirmi\u015f, g\u00f6n\u00fcllerde m\u00fcstesna bir yer edinmi\u015f 22. D\u00f6nem TBMM Ba\u015fkan\u0131m\u0131z Say\u0131n B\u00fclent Ar\u0131n\u00e7\u2019a te\u015fekk\u00fcr ediyorum&#8221; dedi.<br \/>\n<br \/>Ahmet M\u00fccahit Ar\u0131n\u00e7\u2019a da de\u011finen Nalband, &#8220;Manisa\u2019m\u0131z\u0131n her meselesine sahip \u00e7\u0131kan, sorunlar\u0131 \u00e7\u00f6z\u00fcme kavu\u015fturmak i\u00e7in gece g\u00fcnd\u00fcz \u00e7al\u0131\u015fan bir karde\u015fimizdir. Meclis k\u00fcrs\u00fcs\u00fcnde Manisa\u2019y\u0131 temsil ederken, sokakta vatanda\u015f\u0131n yan\u0131nda bulunurken ayn\u0131 samimiyet ve tevazu ile hareket etmesi bizleri gururland\u0131rmaktad\u0131r&#8221; diye konu\u015ftu.<br \/>\n<br \/>AK Parti MKYK \u00dcyesi ve Manisa Milletvekili Ahmet M\u00fccahit Ar\u0131n\u00e7 ise yapt\u0131\u011f\u0131 konu\u015fmada, te\u015fkilatlarla bir arada olmaktan mutluluk duydu\u011funu belirterek, birlik ve beraberli\u011fin AK Parti\u2019nin en b\u00fcy\u00fck g\u00fcc\u00fc oldu\u011funu s\u00f6yledi.<br \/>\n<br \/>Program, kat\u0131l\u0131mc\u0131lar\u0131n aileleriyle birlikte bulu\u015ftu\u011fu samimi bir ortamda devam etti.<br \/><\/p>\n","protected":false},"excerpt":{"rendered":"<p>Eski TBMM Ba\u015fkan\u0131 B\u00fclent Ar\u0131n\u00e7, &#8220;T\u00fcrkiye ne g\u00f6rd\u00fcyse AK Parti sayesinde g\u00f6rd\u00fc. Bu yollar\u0131m\u0131z AK Parti sayesinde oldu. Bu hastanelerimiz AK Parti sayesinde oldu. Bu barajlar\u0131m\u0131z, g\u00f6letlerimiz, enerjimiz AK Parti sayesinde oldu&#8221; dedi. Eski TBMM Ba\u015fkan\u0131 B\u00fclent Ar\u0131n\u00e7, AK Parti \u015eehzadeler \u0130l\u00e7e Ba\u015fkanl\u0131\u011f\u0131 taraf\u0131ndan Yunusemre il\u00e7esindeki bi otelde d\u00fczenlenen &#8220;Sofram\u0131z Bir Davam\u0131z Bir&#8221; program\u0131nda partililere&#8230;<\/p>\n","protected":false},"author":1,"featured_media":53347,"comment_status":"open","ping_status":"open","sticky":false,"template":"","format":"standard","meta":{"_crdt_document":"","footnotes":""},"categories":[127],"tags":[],"class_list":["post-53346","post","type-post","status-publish","format-standard","has-post-thumbnail","hentry","category-siyaset"],"_links":{"self":[{"href":"https:\/\/www.egemtv.com\/index.php?rest_route=\/wp\/v2\/posts\/53346","targetHints":{"allow":["GET"]}}],"collection":[{"href":"https:\/\/www.egemtv.com\/index.php?rest_route=\/wp\/v2\/posts"}],"about":[{"href":"https:\/\/www.egemtv.com\/index.php?rest_route=\/wp\/v2\/types\/post"}],"author":[{"embeddable":true,"href":"https:\/\/www.egemtv.com\/index.php?rest_route=\/wp\/v2\/users\/1"}],"replies":[{"embeddable":true,"href":"https:\/\/www.egemtv.com\/index.php?rest_route=%2Fwp%2Fv2%2Fcomments&post=53346"}],"version-history":[{"count":1,"href":"https:\/\/www.egemtv.com\/index.php?rest_route=\/wp\/v2\/posts\/53346\/revisions"}],"predecessor-version":[{"id":53348,"href":"https:\/\/www.egemtv.com\/index.php?rest_route=\/wp\/v2\/posts\/53346\/revisions\/53348"}],"wp:featuredmedia":[{"embeddable":true,"href":"https:\/\/www.egemtv.com\/index.php?rest_route=\/wp\/v2\/media\/53347"}],"wp:attachment":[{"href":"https:\/\/www.egemtv.com\/index.php?rest_route=%2Fwp%2Fv2%2Fmedia&parent=53346"}],"wp:term":[{"taxonomy":"category","embeddable":true,"href":"https:\/\/www.egemtv.com\/index.php?rest_route=%2Fwp%2Fv2%2Fcategories&post=53346"},{"taxonomy":"post_tag","embeddable":true,"href":"https:\/\/www.egemtv.com\/index.php?rest_route=%2Fwp%2Fv2%2Ftags&post=53346"}],"curies":[{"name":"wp","href":"https:\/\/api.w.org\/{rel}","templated":true}]}}