{"id":53343,"date":"2025-09-07T23:16:58","date_gmt":"2025-09-07T20:16:58","guid":{"rendered":"https:\/\/www.egemtv.com\/?p=53343"},"modified":"2025-09-07T23:16:58","modified_gmt":"2025-09-07T20:16:58","slug":"kanli-ay-tutulmasi-denizlide-merakla-izlendi","status":"publish","type":"post","link":"https:\/\/www.egemtv.com\/?p=53343","title":{"rendered":"Kanl\u0131 Ay tutulmas\u0131 Denizli\u2019de merakla izlendi"},"content":{"rendered":"<p>G\u00f6ky\u00fcz\u00fcnde e\u015fsiz bir manzara ya\u015fatan ve &#8220;Kanl\u0131 Ay&#8221; tutulmas\u0131 olarak bilinen do\u011fa olay\u0131, Denizli\u2019de de merakla izlendi.<\/p>\n<p>Bu ak\u015fam y\u0131l\u0131n en g\u00f6rkemli do\u011fa olaylar\u0131ndan birisi olan &#8220;Kanl\u0131 Ay&#8221; tutulmas\u0131 ya\u015fand\u0131. T\u00fcrkiye saatiyle tutulma 18.28\u2019de ba\u015flad\u0131. Tam tutulma evresi ise 20.30\u2019da ba\u015flay\u0131p, 21.52\u2019de sona erdi. Ay bu s\u00fcre\u00e7te yakla\u015f\u0131k 1 saat 22 dakika boyunca k\u0131pk\u0131rm\u0131z\u0131 g\u00f6r\u00fcnd\u00fc. Tam tutulma bittikten sonra ise k\u0131smi tutulma evresi devam ederek, 23.55\u2019te tamamen sona erecek.<\/p>\n<p>&#8220;Kanl\u0131 Ay&#8221; olarak bilinen ve Ay\u2019\u0131n k\u0131z\u0131l bir renge b\u00fcr\u00fcnd\u00fc\u011f\u00fc g\u00f6ky\u00fcz\u00fc olay\u0131, Denizli\u2019de de vatanda\u015flar taraf\u0131ndan cep telefonlar\u0131yla ve foto\u011fraf makineleriyle g\u00f6r\u00fcnt\u00fclendi. \u015eehrin d\u00f6rt bir taraf\u0131nda g\u00f6ky\u00fcz\u00fcne bakan vatanda\u015flar, dolunay\u0131n ola\u011fan d\u0131\u015f\u0131 k\u0131z\u0131ll\u0131\u011f\u0131n\u0131 g\u00f6r\u00fcnce o anlar\u0131 kay\u0131t alt\u0131na ald\u0131. Kanl\u0131 Ay, foto\u011fraf tutkunlar\u0131 ve vatanda\u015flar taraf\u0131ndan b\u00fcy\u00fck merakla takip edildi.<\/p>\n<p>Kanl\u0131 Ay\u2019\u0131n, D\u00fcnya, G\u00fcne\u015f ve Ay\u2019\u0131n belirli bir konuma gelmesiyle ortaya \u00e7\u0131kt\u0131\u011f\u0131, bu s\u0131rada Ay\u2019\u0131n D\u00fcnya\u2019n\u0131n g\u00f6lgesine girmesi sonucu k\u0131z\u0131l renge b\u00fcr\u00fcnd\u00fc\u011f\u00fc \u015feklinde ifade ediliyor.<br \/><\/p>\n","protected":false},"excerpt":{"rendered":"<p>G\u00f6ky\u00fcz\u00fcnde e\u015fsiz bir manzara ya\u015fatan ve &#8220;Kanl\u0131 Ay&#8221; tutulmas\u0131 olarak bilinen do\u011fa olay\u0131, Denizli\u2019de de merakla izlendi. Bu ak\u015fam y\u0131l\u0131n en g\u00f6rkemli do\u011fa olaylar\u0131ndan birisi olan &#8220;Kanl\u0131 Ay&#8221; tutulmas\u0131 ya\u015fand\u0131. T\u00fcrkiye saatiyle tutulma 18.28\u2019de ba\u015flad\u0131. Tam tutulma evresi ise 20.30\u2019da ba\u015flay\u0131p, 21.52\u2019de sona erdi. Ay bu s\u00fcre\u00e7te yakla\u015f\u0131k 1 saat 22 dakika boyunca k\u0131pk\u0131rm\u0131z\u0131 g\u00f6r\u00fcnd\u00fc&#8230;.<\/p>\n","protected":false},"author":1,"featured_media":53344,"comment_status":"open","ping_status":"open","sticky":false,"template":"","format":"standard","meta":{"_crdt_document":"","footnotes":""},"categories":[1],"tags":[],"class_list":["post-53343","post","type-post","status-publish","format-standard","has-post-thumbnail","hentry","category-guncel"],"_links":{"self":[{"href":"https:\/\/www.egemtv.com\/index.php?rest_route=\/wp\/v2\/posts\/53343","targetHints":{"allow":["GET"]}}],"collection":[{"href":"https:\/\/www.egemtv.com\/index.php?rest_route=\/wp\/v2\/posts"}],"about":[{"href":"https:\/\/www.egemtv.com\/index.php?rest_route=\/wp\/v2\/types\/post"}],"author":[{"embeddable":true,"href":"https:\/\/www.egemtv.com\/index.php?rest_route=\/wp\/v2\/users\/1"}],"replies":[{"embeddable":true,"href":"https:\/\/www.egemtv.com\/index.php?rest_route=%2Fwp%2Fv2%2Fcomments&post=53343"}],"version-history":[{"count":1,"href":"https:\/\/www.egemtv.com\/index.php?rest_route=\/wp\/v2\/posts\/53343\/revisions"}],"predecessor-version":[{"id":53345,"href":"https:\/\/www.egemtv.com\/index.php?rest_route=\/wp\/v2\/posts\/53343\/revisions\/53345"}],"wp:featuredmedia":[{"embeddable":true,"href":"https:\/\/www.egemtv.com\/index.php?rest_route=\/wp\/v2\/media\/53344"}],"wp:attachment":[{"href":"https:\/\/www.egemtv.com\/index.php?rest_route=%2Fwp%2Fv2%2Fmedia&parent=53343"}],"wp:term":[{"taxonomy":"category","embeddable":true,"href":"https:\/\/www.egemtv.com\/index.php?rest_route=%2Fwp%2Fv2%2Fcategories&post=53343"},{"taxonomy":"post_tag","embeddable":true,"href":"https:\/\/www.egemtv.com\/index.php?rest_route=%2Fwp%2Fv2%2Ftags&post=53343"}],"curies":[{"name":"wp","href":"https:\/\/api.w.org\/{rel}","templated":true}]}}