{"id":53262,"date":"2025-09-07T16:34:43","date_gmt":"2025-09-07T13:34:43","guid":{"rendered":"https:\/\/www.egemtv.com\/?p=53262"},"modified":"2025-09-07T16:34:44","modified_gmt":"2025-09-07T13:34:44","slug":"kusadasinin-dusman-isgalinden-kurtulusunun-103ncu-yili-coskuyla-kutlandi","status":"publish","type":"post","link":"https:\/\/www.egemtv.com\/?p=53262","title":{"rendered":"Ku\u015fadas\u0131\u2019n\u0131n d\u00fc\u015fman i\u015fgalinden kurtulu\u015funun 103\u2019nc\u00fc y\u0131l\u0131 co\u015fkuyla kutland\u0131"},"content":{"rendered":"<p>Ku\u015fadas\u0131\u2019n\u0131n d\u00fc\u015fman i\u015fgalinden kurtulu\u015funun 103\u2019\u00fcnc\u00fc y\u0131l\u0131, kent genelinde b\u00fcy\u00fck bir co\u015fkuyla kutland\u0131.<\/p>\n<p>Kutlamalar, sabah saat 09.45\u2019te Kaymakaml\u0131k binas\u0131 \u00f6n\u00fcnde ger\u00e7ekle\u015ftirilen temsili t\u00f6renle ba\u015flad\u0131. T\u00f6rende, esareti simgeleyen bir k\u0131z \u00e7ocu\u011funun efeler taraf\u0131ndan kurtar\u0131l\u0131\u015f\u0131n\u0131 anlatan canland\u0131rma sahnelendi ve izleyicilerden b\u00fcy\u00fck ilgi g\u00f6rd\u00fc. Kutlamalar, Atat\u00fcrk Meydan\u0131\u2019nda d\u00fczenlenen resmi t\u00f6renle devam etti. T\u00f6ren, Kaymakam \u0130brahim Keklik, Belediye Ba\u015fkan\u0131 \u00d6mer G\u00fcnel ve Garnizon Komutan\u0131 Per.Bnb. Can Aytan\u2019\u0131n Atat\u00fcrk An\u0131t\u0131\u2019na \u00e7elenk sunmas\u0131yla ba\u015flad\u0131. Sayg\u0131 duru\u015fu ve \u0130stiklal Mar\u015f\u0131\u2019n\u0131n okunmas\u0131n\u0131n ard\u0131ndan halk oyunlar\u0131 g\u00f6sterileri ile sona erdi.<\/p>\n<p>Kutlama etkinlikleri, ak\u015fam saat 19.45\u2019te Ku\u015fadas\u0131 Belediyesi taraf\u0131ndan d\u00fczenlenecek fener alay\u0131 ile devam edecek. K\u0131smet Otel kav\u015fa\u011f\u0131ndan ba\u015flayacak olan fener alay\u0131, \u0130smail Cem Dostluk ve Bar\u0131\u015f Meydan\u0131\u2019nda sona erecek. Saat 20.30\u2019da ise Anadolu Ate\u015fi sahne alacak ve vatanda\u015flara g\u00f6rsel bir \u015f\u00f6len sunacak.<\/p>\n<p>T\u00f6rene Ku\u015fadas\u0131 Kaymakam\u0131 \u0130brahim Keklik, Ku\u015fadas\u0131 Belediye Ba\u015fkan\u0131 \u00d6mer G\u00fcnel, Garnizon Komutan\u0131 Per.Bnb. Can Aytan, idari ve m\u00fclki amirler, siyasi parti ba\u015fkanlar\u0131, sivil toplum kurulu\u015flar\u0131n\u0131n temsilcileri ve \u00e7ok say\u0131da vatanda\u015f kat\u0131ld\u0131.<br \/><\/p>\n","protected":false},"excerpt":{"rendered":"<p>Ku\u015fadas\u0131\u2019n\u0131n d\u00fc\u015fman i\u015fgalinden kurtulu\u015funun 103\u2019\u00fcnc\u00fc y\u0131l\u0131, kent genelinde b\u00fcy\u00fck bir co\u015fkuyla kutland\u0131. Kutlamalar, sabah saat 09.45\u2019te Kaymakaml\u0131k binas\u0131 \u00f6n\u00fcnde ger\u00e7ekle\u015ftirilen temsili t\u00f6renle ba\u015flad\u0131. T\u00f6rende, esareti simgeleyen bir k\u0131z \u00e7ocu\u011funun efeler taraf\u0131ndan kurtar\u0131l\u0131\u015f\u0131n\u0131 anlatan canland\u0131rma sahnelendi ve izleyicilerden b\u00fcy\u00fck ilgi g\u00f6rd\u00fc. Kutlamalar, Atat\u00fcrk Meydan\u0131\u2019nda d\u00fczenlenen resmi t\u00f6renle devam etti. T\u00f6ren, Kaymakam \u0130brahim Keklik, Belediye Ba\u015fkan\u0131 \u00d6mer&#8230;<\/p>\n","protected":false},"author":1,"featured_media":53263,"comment_status":"open","ping_status":"open","sticky":false,"template":"","format":"standard","meta":{"_crdt_document":"","footnotes":""},"categories":[1],"tags":[],"class_list":["post-53262","post","type-post","status-publish","format-standard","has-post-thumbnail","hentry","category-guncel"],"_links":{"self":[{"href":"https:\/\/www.egemtv.com\/index.php?rest_route=\/wp\/v2\/posts\/53262","targetHints":{"allow":["GET"]}}],"collection":[{"href":"https:\/\/www.egemtv.com\/index.php?rest_route=\/wp\/v2\/posts"}],"about":[{"href":"https:\/\/www.egemtv.com\/index.php?rest_route=\/wp\/v2\/types\/post"}],"author":[{"embeddable":true,"href":"https:\/\/www.egemtv.com\/index.php?rest_route=\/wp\/v2\/users\/1"}],"replies":[{"embeddable":true,"href":"https:\/\/www.egemtv.com\/index.php?rest_route=%2Fwp%2Fv2%2Fcomments&post=53262"}],"version-history":[{"count":1,"href":"https:\/\/www.egemtv.com\/index.php?rest_route=\/wp\/v2\/posts\/53262\/revisions"}],"predecessor-version":[{"id":53264,"href":"https:\/\/www.egemtv.com\/index.php?rest_route=\/wp\/v2\/posts\/53262\/revisions\/53264"}],"wp:featuredmedia":[{"embeddable":true,"href":"https:\/\/www.egemtv.com\/index.php?rest_route=\/wp\/v2\/media\/53263"}],"wp:attachment":[{"href":"https:\/\/www.egemtv.com\/index.php?rest_route=%2Fwp%2Fv2%2Fmedia&parent=53262"}],"wp:term":[{"taxonomy":"category","embeddable":true,"href":"https:\/\/www.egemtv.com\/index.php?rest_route=%2Fwp%2Fv2%2Fcategories&post=53262"},{"taxonomy":"post_tag","embeddable":true,"href":"https:\/\/www.egemtv.com\/index.php?rest_route=%2Fwp%2Fv2%2Ftags&post=53262"}],"curies":[{"name":"wp","href":"https:\/\/api.w.org\/{rel}","templated":true}]}}