{"id":53259,"date":"2025-09-07T16:14:54","date_gmt":"2025-09-07T13:14:54","guid":{"rendered":"https:\/\/www.egemtv.com\/?p=53259"},"modified":"2025-09-07T16:14:55","modified_gmt":"2025-09-07T13:14:55","slug":"kutahyada-yildirim-orman-yanginina-neden-oldu-8-dekar-alan-zarar-gordu","status":"publish","type":"post","link":"https:\/\/www.egemtv.com\/?p=53259","title":{"rendered":"K\u00fctahya\u2019da y\u0131ld\u0131r\u0131m, orman yang\u0131n\u0131na neden oldu: 8 dekar alan zarar g\u00f6rd\u00fc"},"content":{"rendered":"<p>K\u00fctahya\u2019n\u0131n Tav\u015fanl\u0131 il\u00e7esine ba\u011fl\u0131 Karg\u0131l\u0131 k\u00f6y\u00fc yak\u0131nlar\u0131ndaki ormanl\u0131k alana y\u0131ld\u0131r\u0131m d\u00fc\u015fmesi sonucu yang\u0131n \u00e7\u0131kt\u0131. Ekiplerin ve k\u00f6yl\u00fclerin h\u0131zl\u0131 m\u00fcdahalesiyle alevler b\u00fcy\u00fcmeden s\u00f6nd\u00fcr\u00fcl\u00fcrken, yang\u0131ndan 8 dekar alan zarar g\u00f6rd\u00fc.<br \/>\n<br \/>Edinilen bilgilere g\u00f6re, Karg\u0131l\u0131 k\u00f6y\u00fcne yakla\u015f\u0131k 1 kilometre mesafede bulunan ormanl\u0131k alanda y\u0131ld\u0131r\u0131m d\u00fc\u015fmesi sonucu yang\u0131n \u00e7\u0131kt\u0131. \u0130hbar \u00fczerine b\u00f6lgeye Tav\u015fanl\u0131 Orman \u0130\u015fletme M\u00fcd\u00fcrl\u00fc\u011f\u00fcne ba\u011fl\u0131 ilk m\u00fcdahale ekipleri ve araz\u00f6zler sevk edildi. Yang\u0131n s\u00f6nd\u00fcrme \u00e7al\u0131\u015fmalar\u0131na Karg\u0131l\u0131 k\u00f6yl\u00fcleri de destek verdi. Ekiplerin ve k\u00f6yl\u00fclerin yo\u011fun \u00e7abas\u0131 sonucu alevler, orman\u0131n daha geni\u015f bir alan\u0131na yay\u0131lmadan kontrol alt\u0131na al\u0131nd\u0131. K\u0131sa s\u00fcrede s\u00f6nd\u00fcr\u00fclen yang\u0131n\u0131n ard\u0131ndan b\u00f6lgede so\u011futma \u00e7al\u0131\u015fmas\u0131 yap\u0131ld\u0131.<br \/>\n<br \/>Yang\u0131ndan yakla\u015f\u0131k 8 dekar ormanl\u0131k alan\u0131n zarar g\u00f6rd\u00fc\u011f\u00fc bildirildi.<br \/><\/p>\n","protected":false},"excerpt":{"rendered":"<p>K\u00fctahya\u2019n\u0131n Tav\u015fanl\u0131 il\u00e7esine ba\u011fl\u0131 Karg\u0131l\u0131 k\u00f6y\u00fc yak\u0131nlar\u0131ndaki ormanl\u0131k alana y\u0131ld\u0131r\u0131m d\u00fc\u015fmesi sonucu yang\u0131n \u00e7\u0131kt\u0131. Ekiplerin ve k\u00f6yl\u00fclerin h\u0131zl\u0131 m\u00fcdahalesiyle alevler b\u00fcy\u00fcmeden s\u00f6nd\u00fcr\u00fcl\u00fcrken, yang\u0131ndan 8 dekar alan zarar g\u00f6rd\u00fc. Edinilen bilgilere g\u00f6re, Karg\u0131l\u0131 k\u00f6y\u00fcne yakla\u015f\u0131k 1 kilometre mesafede bulunan ormanl\u0131k alanda y\u0131ld\u0131r\u0131m d\u00fc\u015fmesi sonucu yang\u0131n \u00e7\u0131kt\u0131. \u0130hbar \u00fczerine b\u00f6lgeye Tav\u015fanl\u0131 Orman \u0130\u015fletme M\u00fcd\u00fcrl\u00fc\u011f\u00fcne ba\u011fl\u0131 ilk m\u00fcdahale&#8230;<\/p>\n","protected":false},"author":1,"featured_media":53260,"comment_status":"open","ping_status":"open","sticky":false,"template":"","format":"standard","meta":{"_crdt_document":"","footnotes":""},"categories":[5],"tags":[],"class_list":["post-53259","post","type-post","status-publish","format-standard","has-post-thumbnail","hentry","category-asayis"],"_links":{"self":[{"href":"https:\/\/www.egemtv.com\/index.php?rest_route=\/wp\/v2\/posts\/53259","targetHints":{"allow":["GET"]}}],"collection":[{"href":"https:\/\/www.egemtv.com\/index.php?rest_route=\/wp\/v2\/posts"}],"about":[{"href":"https:\/\/www.egemtv.com\/index.php?rest_route=\/wp\/v2\/types\/post"}],"author":[{"embeddable":true,"href":"https:\/\/www.egemtv.com\/index.php?rest_route=\/wp\/v2\/users\/1"}],"replies":[{"embeddable":true,"href":"https:\/\/www.egemtv.com\/index.php?rest_route=%2Fwp%2Fv2%2Fcomments&post=53259"}],"version-history":[{"count":1,"href":"https:\/\/www.egemtv.com\/index.php?rest_route=\/wp\/v2\/posts\/53259\/revisions"}],"predecessor-version":[{"id":53261,"href":"https:\/\/www.egemtv.com\/index.php?rest_route=\/wp\/v2\/posts\/53259\/revisions\/53261"}],"wp:featuredmedia":[{"embeddable":true,"href":"https:\/\/www.egemtv.com\/index.php?rest_route=\/wp\/v2\/media\/53260"}],"wp:attachment":[{"href":"https:\/\/www.egemtv.com\/index.php?rest_route=%2Fwp%2Fv2%2Fmedia&parent=53259"}],"wp:term":[{"taxonomy":"category","embeddable":true,"href":"https:\/\/www.egemtv.com\/index.php?rest_route=%2Fwp%2Fv2%2Fcategories&post=53259"},{"taxonomy":"post_tag","embeddable":true,"href":"https:\/\/www.egemtv.com\/index.php?rest_route=%2Fwp%2Fv2%2Ftags&post=53259"}],"curies":[{"name":"wp","href":"https:\/\/api.w.org\/{rel}","templated":true}]}}