{"id":53256,"date":"2025-09-07T16:14:53","date_gmt":"2025-09-07T13:14:53","guid":{"rendered":"https:\/\/www.egemtv.com\/?p=53256"},"modified":"2025-09-07T16:14:54","modified_gmt":"2025-09-07T13:14:54","slug":"seydikemerdeki-kazada-olu-sayisi-2ye-yukseldi","status":"publish","type":"post","link":"https:\/\/www.egemtv.com\/?p=53256","title":{"rendered":"Seydikemer\u2019deki kazada \u00f6l\u00fc say\u0131s\u0131 2\u2019ye y\u00fckseldi"},"content":{"rendered":"<p>Mu\u011fla\u2019n\u0131n Seydikemer il\u00e7esinde akrabalar\u0131n\u0131n d\u00fc\u011f\u00fcn yeme\u011fine gitmek i\u00e7in yola \u00e7\u0131kan ailenin i\u00e7erisinde bulundu\u011fu ara\u00e7 30 metrelik \u015farampole yuvarland\u0131\u011f\u0131 kazada \u00f6l\u00fc say\u0131s\u0131 2\u2019ye y\u00fckseldi.<\/p>\n<p>Kaza, Yaka Mahallesi Ustalar Mevkiinde meydana geldi. Edinilen bilgiye g\u00f6re, akrabalar\u0131n\u0131n d\u00fc\u011f\u00fcn yeme\u011fine gitmek i\u00e7in yola \u00e7\u0131kan S.K.(29) idaresindeki 48 M 0806 plakal\u0131 ara\u00e7 iddiaya g\u00f6re plakas\u0131 hen\u00fcz belirlenemeyen bir arac\u0131n s\u0131k\u0131\u015ft\u0131rmas\u0131 sonucu s\u00fcr\u00fcc\u00fcn\u00fcn direksiyon hakimiyetini kaybetmesiyle yoldan \u00e7\u0131karak yakla\u015f\u0131k 30 metrelik \u015farampole yuvarland\u0131. Kazada ara\u00e7ta yolcu olarak bulunan Song\u00fcl Karc\u0131 Girgin (41) olay yerinde hayat\u0131n\u0131 kaybetti. Ara\u00e7 s\u00fcr\u00fcc\u00fcs\u00fc S.K. ile birlikte S.G. (14), S.G. (11), A.G. (10) ve Emir Taha Girgin (2) yaraland\u0131. Yaral\u0131lar, olay yerine gelen sa\u011fl\u0131k ekiplerinin ilk m\u00fcdahalesinin ard\u0131ndan \u00e7evredeki hastanelere sevk edildi.<\/p>\n<p>Hastanede son nefesini verdi<br \/>\n<br \/>Hastaneye kald\u0131r\u0131larak tedavi alt\u0131na al\u0131nan ve doktorlar\u0131n t\u00fcm \u00e7abalar\u0131na ra\u011fmen kurtar\u0131lamayan 2 ya\u015f\u0131ndaki Emir Taha Girgin de hayat\u0131n\u0131 kaybetti. Hastaneye kald\u0131r\u0131lan di\u011fer yaral\u0131lar\u0131n ise tedavilerinin devam etti\u011fi \u00f6\u011frenildi.<\/p>\n<p>Kazayla ilgili soru\u015fturma s\u00fcr\u00fcyor.<br \/><\/p>\n","protected":false},"excerpt":{"rendered":"<p>Mu\u011fla\u2019n\u0131n Seydikemer il\u00e7esinde akrabalar\u0131n\u0131n d\u00fc\u011f\u00fcn yeme\u011fine gitmek i\u00e7in yola \u00e7\u0131kan ailenin i\u00e7erisinde bulundu\u011fu ara\u00e7 30 metrelik \u015farampole yuvarland\u0131\u011f\u0131 kazada \u00f6l\u00fc say\u0131s\u0131 2\u2019ye y\u00fckseldi. Kaza, Yaka Mahallesi Ustalar Mevkiinde meydana geldi. Edinilen bilgiye g\u00f6re, akrabalar\u0131n\u0131n d\u00fc\u011f\u00fcn yeme\u011fine gitmek i\u00e7in yola \u00e7\u0131kan S.K.(29) idaresindeki 48 M 0806 plakal\u0131 ara\u00e7 iddiaya g\u00f6re plakas\u0131 hen\u00fcz belirlenemeyen bir arac\u0131n s\u0131k\u0131\u015ft\u0131rmas\u0131&#8230;<\/p>\n","protected":false},"author":1,"featured_media":53257,"comment_status":"open","ping_status":"open","sticky":false,"template":"","format":"standard","meta":{"_crdt_document":"","footnotes":""},"categories":[5],"tags":[],"class_list":["post-53256","post","type-post","status-publish","format-standard","has-post-thumbnail","hentry","category-asayis"],"_links":{"self":[{"href":"https:\/\/www.egemtv.com\/index.php?rest_route=\/wp\/v2\/posts\/53256","targetHints":{"allow":["GET"]}}],"collection":[{"href":"https:\/\/www.egemtv.com\/index.php?rest_route=\/wp\/v2\/posts"}],"about":[{"href":"https:\/\/www.egemtv.com\/index.php?rest_route=\/wp\/v2\/types\/post"}],"author":[{"embeddable":true,"href":"https:\/\/www.egemtv.com\/index.php?rest_route=\/wp\/v2\/users\/1"}],"replies":[{"embeddable":true,"href":"https:\/\/www.egemtv.com\/index.php?rest_route=%2Fwp%2Fv2%2Fcomments&post=53256"}],"version-history":[{"count":1,"href":"https:\/\/www.egemtv.com\/index.php?rest_route=\/wp\/v2\/posts\/53256\/revisions"}],"predecessor-version":[{"id":53258,"href":"https:\/\/www.egemtv.com\/index.php?rest_route=\/wp\/v2\/posts\/53256\/revisions\/53258"}],"wp:featuredmedia":[{"embeddable":true,"href":"https:\/\/www.egemtv.com\/index.php?rest_route=\/wp\/v2\/media\/53257"}],"wp:attachment":[{"href":"https:\/\/www.egemtv.com\/index.php?rest_route=%2Fwp%2Fv2%2Fmedia&parent=53256"}],"wp:term":[{"taxonomy":"category","embeddable":true,"href":"https:\/\/www.egemtv.com\/index.php?rest_route=%2Fwp%2Fv2%2Fcategories&post=53256"},{"taxonomy":"post_tag","embeddable":true,"href":"https:\/\/www.egemtv.com\/index.php?rest_route=%2Fwp%2Fv2%2Ftags&post=53256"}],"curies":[{"name":"wp","href":"https:\/\/api.w.org\/{rel}","templated":true}]}}