{"id":53253,"date":"2025-09-07T16:14:52","date_gmt":"2025-09-07T13:14:52","guid":{"rendered":"https:\/\/www.egemtv.com\/?p=53253"},"modified":"2025-09-07T16:14:53","modified_gmt":"2025-09-07T13:14:53","slug":"kusadasinda-ogrenci-pansiyonlari-incelendi","status":"publish","type":"post","link":"https:\/\/www.egemtv.com\/?p=53253","title":{"rendered":"Ku\u015fadas\u0131\u2019nda \u00f6\u011frenci pansiyonlar\u0131 incelendi"},"content":{"rendered":"<p>Ku\u015fadas\u0131 \u0130l\u00e7e Milli E\u011fitim M\u00fcd\u00fcr\u00fc \u0130brahim Ataman, Ku\u015fadas\u0131 Mesleki ve Teknik Anadolu Lisesi \u00f6\u011frenci pansiyonunu ziyaret ederek incelemelerde bulundu.<\/p>\n<p>\u00d6\u011frencilerin bar\u0131nma \u015fartlar\u0131n\u0131n en iyi \u015fekilde sa\u011flanabilmesi i\u00e7in yap\u0131lan \u00e7al\u0131\u015fmalar\u0131 yerinde de\u011ferlendiren Ku\u015fadas\u0131 \u0130l\u00e7e Milli E\u011fitim M\u00fcd\u00fcr\u00fc \u0130brahim Ataman, yetkililerden bilgi ald\u0131. Ku\u015fadas\u0131 \u0130l\u00e7e Milli E\u011fitim M\u00fcd\u00fcrl\u00fc\u011f\u00fc\u2019nden yap\u0131lan a\u00e7\u0131klamada, &#8220;\u0130l\u00e7emizde e\u011fitim g\u00f6ren t\u00fcm \u00f6\u011frencilerimizin g\u00fcvenli, sa\u011fl\u0131kl\u0131 ve konforlu bir ortamda \u00f6\u011frenim hayatlar\u0131n\u0131 s\u00fcrd\u00fcrmeleri i\u00e7in \u00e7al\u0131\u015fmalar\u0131m\u0131z titizlikle devam etmektedir&#8221; ifadelerine yer verildi.<br \/><\/p>\n","protected":false},"excerpt":{"rendered":"<p>Ku\u015fadas\u0131 \u0130l\u00e7e Milli E\u011fitim M\u00fcd\u00fcr\u00fc \u0130brahim Ataman, Ku\u015fadas\u0131 Mesleki ve Teknik Anadolu Lisesi \u00f6\u011frenci pansiyonunu ziyaret ederek incelemelerde bulundu. \u00d6\u011frencilerin bar\u0131nma \u015fartlar\u0131n\u0131n en iyi \u015fekilde sa\u011flanabilmesi i\u00e7in yap\u0131lan \u00e7al\u0131\u015fmalar\u0131 yerinde de\u011ferlendiren Ku\u015fadas\u0131 \u0130l\u00e7e Milli E\u011fitim M\u00fcd\u00fcr\u00fc \u0130brahim Ataman, yetkililerden bilgi ald\u0131. Ku\u015fadas\u0131 \u0130l\u00e7e Milli E\u011fitim M\u00fcd\u00fcrl\u00fc\u011f\u00fc\u2019nden yap\u0131lan a\u00e7\u0131klamada, &#8220;\u0130l\u00e7emizde e\u011fitim g\u00f6ren t\u00fcm \u00f6\u011frencilerimizin g\u00fcvenli, sa\u011fl\u0131kl\u0131&#8230;<\/p>\n","protected":false},"author":1,"featured_media":53254,"comment_status":"open","ping_status":"open","sticky":false,"template":"","format":"standard","meta":{"_crdt_document":"","footnotes":""},"categories":[1],"tags":[],"class_list":["post-53253","post","type-post","status-publish","format-standard","has-post-thumbnail","hentry","category-guncel"],"_links":{"self":[{"href":"https:\/\/www.egemtv.com\/index.php?rest_route=\/wp\/v2\/posts\/53253","targetHints":{"allow":["GET"]}}],"collection":[{"href":"https:\/\/www.egemtv.com\/index.php?rest_route=\/wp\/v2\/posts"}],"about":[{"href":"https:\/\/www.egemtv.com\/index.php?rest_route=\/wp\/v2\/types\/post"}],"author":[{"embeddable":true,"href":"https:\/\/www.egemtv.com\/index.php?rest_route=\/wp\/v2\/users\/1"}],"replies":[{"embeddable":true,"href":"https:\/\/www.egemtv.com\/index.php?rest_route=%2Fwp%2Fv2%2Fcomments&post=53253"}],"version-history":[{"count":1,"href":"https:\/\/www.egemtv.com\/index.php?rest_route=\/wp\/v2\/posts\/53253\/revisions"}],"predecessor-version":[{"id":53255,"href":"https:\/\/www.egemtv.com\/index.php?rest_route=\/wp\/v2\/posts\/53253\/revisions\/53255"}],"wp:featuredmedia":[{"embeddable":true,"href":"https:\/\/www.egemtv.com\/index.php?rest_route=\/wp\/v2\/media\/53254"}],"wp:attachment":[{"href":"https:\/\/www.egemtv.com\/index.php?rest_route=%2Fwp%2Fv2%2Fmedia&parent=53253"}],"wp:term":[{"taxonomy":"category","embeddable":true,"href":"https:\/\/www.egemtv.com\/index.php?rest_route=%2Fwp%2Fv2%2Fcategories&post=53253"},{"taxonomy":"post_tag","embeddable":true,"href":"https:\/\/www.egemtv.com\/index.php?rest_route=%2Fwp%2Fv2%2Ftags&post=53253"}],"curies":[{"name":"wp","href":"https:\/\/api.w.org\/{rel}","templated":true}]}}