{"id":53250,"date":"2025-09-07T15:54:56","date_gmt":"2025-09-07T12:54:56","guid":{"rendered":"https:\/\/www.egemtv.com\/?p=53250"},"modified":"2025-09-07T15:54:57","modified_gmt":"2025-09-07T12:54:57","slug":"genc-estetisyenin-olum-sebebini-ablasi-duyurdu","status":"publish","type":"post","link":"https:\/\/www.egemtv.com\/?p=53250","title":{"rendered":"Gen\u00e7 estetisyenin \u00f6l\u00fcm sebebini ablas\u0131 duyurdu"},"content":{"rendered":"<p>Isparta\u2019da evinde hayat\u0131n\u0131 kaybeden 32 ya\u015f\u0131ndaki gen\u00e7 estetisyenin \u00f6l\u00fcm nedenini ablas\u0131 Ay\u015fe G\u00fclver \u00dcnl\u00fc sosyal medyada a\u00e7\u0131klad\u0131. \u00dcnl\u00fc, &#8220;Karde\u015fimi ben buldum. Evden \u00e7\u0131kmak \u00fczereyken kalp krizi ge\u00e7irmi\u015f. Sevenlerinden tek iste\u011fim dua&#8221; ifadelerini kulland\u0131.<br \/>\n<br \/>Isparta\u2019n\u0131n Ayazmana Mahallesi\u2019nde ya\u015fayan g\u00fczellik merkezi sahibi Buket G\u00fclver\u2019den bir s\u00fcredir haber alamayan yak\u0131nlar\u0131, durumu 112 Acil \u00c7a\u011fr\u0131 Merkezi\u2019ne bildirdi. D\u00fcn saat 17.00 s\u0131ralar\u0131nda eve gelen sa\u011fl\u0131k ve polis ekipleri, 32 ya\u015f\u0131ndaki G\u00fclver\u2019i hareketsiz halde buldu. Yap\u0131lan kontrolde gen\u00e7 kad\u0131n\u0131n hayat\u0131n\u0131 kaybetti\u011fi belirlendi. Buket G\u00fclver\u2019in cenazesi, Isparta \u015eehir Hastanesi\u2019nde yap\u0131lan otopsi i\u015flemlerinin ard\u0131ndan yak\u0131nlar\u0131na teslim edildi. Bug\u00fcn Emre Mahallesi Camii\u2019nde \u00f6\u011fle namaz\u0131n\u0131 m\u00fcteakip cenaze t\u00f6reni d\u00fczenlendi. T\u00f6rene ailesi, yak\u0131nlar\u0131 ve sevenleri kat\u0131ld\u0131. Namaz\u0131n ard\u0131ndan G\u00fclver, G\u00fclc\u00fc Mezarl\u0131\u011f\u0131\u2019nda topra\u011fa verildi.<\/p>\n<p>Ablas\u0131 sosyal medyadan a\u00e7\u0131klad\u0131<br \/>\n<br \/>Buket G\u00fclver\u2019in ablas\u0131 Ay\u015fe G\u00fclver \u00dcnl\u00fc, karde\u015finin evden \u00e7\u0131kmak \u00fczereyken kalp krizi ge\u00e7irdi\u011fini belirterek, &#8220;Karde\u015fimi ben buldum. Bir s\u00fcredir sa\u011fl\u0131k sorunlar\u0131yla u\u011fra\u015f\u0131yordu. Sevenlerinden tek iste\u011fim dua&#8221; ifadelerini kulland\u0131.<br \/><\/p>\n","protected":false},"excerpt":{"rendered":"<p>Isparta\u2019da evinde hayat\u0131n\u0131 kaybeden 32 ya\u015f\u0131ndaki gen\u00e7 estetisyenin \u00f6l\u00fcm nedenini ablas\u0131 Ay\u015fe G\u00fclver \u00dcnl\u00fc sosyal medyada a\u00e7\u0131klad\u0131. \u00dcnl\u00fc, &#8220;Karde\u015fimi ben buldum. Evden \u00e7\u0131kmak \u00fczereyken kalp krizi ge\u00e7irmi\u015f. Sevenlerinden tek iste\u011fim dua&#8221; ifadelerini kulland\u0131. Isparta\u2019n\u0131n Ayazmana Mahallesi\u2019nde ya\u015fayan g\u00fczellik merkezi sahibi Buket G\u00fclver\u2019den bir s\u00fcredir haber alamayan yak\u0131nlar\u0131, durumu 112 Acil \u00c7a\u011fr\u0131 Merkezi\u2019ne bildirdi. D\u00fcn saat&#8230;<\/p>\n","protected":false},"author":1,"featured_media":53251,"comment_status":"open","ping_status":"open","sticky":false,"template":"","format":"standard","meta":{"_crdt_document":"","footnotes":""},"categories":[123],"tags":[],"class_list":["post-53250","post","type-post","status-publish","format-standard","has-post-thumbnail","hentry","category-gundem"],"_links":{"self":[{"href":"https:\/\/www.egemtv.com\/index.php?rest_route=\/wp\/v2\/posts\/53250","targetHints":{"allow":["GET"]}}],"collection":[{"href":"https:\/\/www.egemtv.com\/index.php?rest_route=\/wp\/v2\/posts"}],"about":[{"href":"https:\/\/www.egemtv.com\/index.php?rest_route=\/wp\/v2\/types\/post"}],"author":[{"embeddable":true,"href":"https:\/\/www.egemtv.com\/index.php?rest_route=\/wp\/v2\/users\/1"}],"replies":[{"embeddable":true,"href":"https:\/\/www.egemtv.com\/index.php?rest_route=%2Fwp%2Fv2%2Fcomments&post=53250"}],"version-history":[{"count":1,"href":"https:\/\/www.egemtv.com\/index.php?rest_route=\/wp\/v2\/posts\/53250\/revisions"}],"predecessor-version":[{"id":53252,"href":"https:\/\/www.egemtv.com\/index.php?rest_route=\/wp\/v2\/posts\/53250\/revisions\/53252"}],"wp:featuredmedia":[{"embeddable":true,"href":"https:\/\/www.egemtv.com\/index.php?rest_route=\/wp\/v2\/media\/53251"}],"wp:attachment":[{"href":"https:\/\/www.egemtv.com\/index.php?rest_route=%2Fwp%2Fv2%2Fmedia&parent=53250"}],"wp:term":[{"taxonomy":"category","embeddable":true,"href":"https:\/\/www.egemtv.com\/index.php?rest_route=%2Fwp%2Fv2%2Fcategories&post=53250"},{"taxonomy":"post_tag","embeddable":true,"href":"https:\/\/www.egemtv.com\/index.php?rest_route=%2Fwp%2Fv2%2Ftags&post=53250"}],"curies":[{"name":"wp","href":"https:\/\/api.w.org\/{rel}","templated":true}]}}