{"id":53247,"date":"2025-09-07T15:34:53","date_gmt":"2025-09-07T12:34:53","guid":{"rendered":"https:\/\/www.egemtv.com\/?p=53247"},"modified":"2025-09-07T15:34:54","modified_gmt":"2025-09-07T12:34:54","slug":"avlanirken-kalp-krizi-geciren-sahis-hayatini-kaybetti","status":"publish","type":"post","link":"https:\/\/www.egemtv.com\/?p=53247","title":{"rendered":"Avlan\u0131rken kalp krizi ge\u00e7iren \u015fah\u0131s hayat\u0131n\u0131 kaybetti"},"content":{"rendered":"<p>Ayd\u0131n\u2019\u0131n \u00c7ine il\u00e7esinde avlan\u0131rken iddiaya g\u00f6re kalp krizi ge\u00e7iren \u015fah\u0131s hayat\u0131n\u0131 kaybetti.<br \/>\n<br \/>Olay, Do\u011fanyurt Mahallesi\u2019nde meydana geldi. Edinilen bilgiye g\u00f6re, arkada\u015flar\u0131 ile avlanmak i\u00e7in araziye \u00e7\u0131kan \u00dcmit Kafkas bir anda fenala\u015ft\u0131. Arkada\u015flar\u0131n\u0131n 112 Acil \u00c7a\u011fr\u0131 Merkezi\u2019ne yapt\u0131klar\u0131 ihbar \u00fczerine b\u00f6lgeye sa\u011fl\u0131k ekipleri sevk edildi. K\u0131sa s\u00fcrede olay yerine gelen sa\u011fl\u0131k ekipleri yapt\u0131klar\u0131 kontrollerde Kafkas\u2019\u0131n hayat\u0131n\u0131 kaybetti\u011fini tespit etti. Yap\u0131lan \u00f6n incelemede \u015fahs\u0131n kalp krizi ge\u00e7irmi\u015f olabilece\u011fi \u00f6ng\u00f6r\u00fcld\u00fc\u011f\u00fc bilgisine ula\u015f\u0131l\u0131rken, Kafkas\u2019\u0131n cans\u0131z bedeni gerekli olay yeri \u00e7al\u0131\u015fmalar\u0131n\u0131n ard\u0131ndan hastane morguna kald\u0131r\u0131ld\u0131. Kesin \u00f6l\u00fcm nedeninin yap\u0131lacak olan otopsi sonucu netlik kazanaca\u011f\u0131 \u00f6\u011frenilen Kafkas\u2019\u0131n ani \u00f6l\u00fcm\u00fc, ailesi ba\u015fta olmak \u00fczere t\u00fcm sevenlerini yasa bo\u011fdu.<br \/>\n<br \/>Olayla ilgili soru\u015fturma s\u00fcr\u00fcyor.<br \/><\/p>\n","protected":false},"excerpt":{"rendered":"<p>Ayd\u0131n\u2019\u0131n \u00c7ine il\u00e7esinde avlan\u0131rken iddiaya g\u00f6re kalp krizi ge\u00e7iren \u015fah\u0131s hayat\u0131n\u0131 kaybetti. Olay, Do\u011fanyurt Mahallesi\u2019nde meydana geldi. Edinilen bilgiye g\u00f6re, arkada\u015flar\u0131 ile avlanmak i\u00e7in araziye \u00e7\u0131kan \u00dcmit Kafkas bir anda fenala\u015ft\u0131. Arkada\u015flar\u0131n\u0131n 112 Acil \u00c7a\u011fr\u0131 Merkezi\u2019ne yapt\u0131klar\u0131 ihbar \u00fczerine b\u00f6lgeye sa\u011fl\u0131k ekipleri sevk edildi. K\u0131sa s\u00fcrede olay yerine gelen sa\u011fl\u0131k ekipleri yapt\u0131klar\u0131 kontrollerde Kafkas\u2019\u0131n hayat\u0131n\u0131&#8230;<\/p>\n","protected":false},"author":1,"featured_media":53248,"comment_status":"open","ping_status":"open","sticky":false,"template":"","format":"standard","meta":{"_crdt_document":"","footnotes":""},"categories":[5],"tags":[],"class_list":["post-53247","post","type-post","status-publish","format-standard","has-post-thumbnail","hentry","category-asayis"],"_links":{"self":[{"href":"https:\/\/www.egemtv.com\/index.php?rest_route=\/wp\/v2\/posts\/53247","targetHints":{"allow":["GET"]}}],"collection":[{"href":"https:\/\/www.egemtv.com\/index.php?rest_route=\/wp\/v2\/posts"}],"about":[{"href":"https:\/\/www.egemtv.com\/index.php?rest_route=\/wp\/v2\/types\/post"}],"author":[{"embeddable":true,"href":"https:\/\/www.egemtv.com\/index.php?rest_route=\/wp\/v2\/users\/1"}],"replies":[{"embeddable":true,"href":"https:\/\/www.egemtv.com\/index.php?rest_route=%2Fwp%2Fv2%2Fcomments&post=53247"}],"version-history":[{"count":1,"href":"https:\/\/www.egemtv.com\/index.php?rest_route=\/wp\/v2\/posts\/53247\/revisions"}],"predecessor-version":[{"id":53249,"href":"https:\/\/www.egemtv.com\/index.php?rest_route=\/wp\/v2\/posts\/53247\/revisions\/53249"}],"wp:featuredmedia":[{"embeddable":true,"href":"https:\/\/www.egemtv.com\/index.php?rest_route=\/wp\/v2\/media\/53248"}],"wp:attachment":[{"href":"https:\/\/www.egemtv.com\/index.php?rest_route=%2Fwp%2Fv2%2Fmedia&parent=53247"}],"wp:term":[{"taxonomy":"category","embeddable":true,"href":"https:\/\/www.egemtv.com\/index.php?rest_route=%2Fwp%2Fv2%2Fcategories&post=53247"},{"taxonomy":"post_tag","embeddable":true,"href":"https:\/\/www.egemtv.com\/index.php?rest_route=%2Fwp%2Fv2%2Ftags&post=53247"}],"curies":[{"name":"wp","href":"https:\/\/api.w.org\/{rel}","templated":true}]}}