{"id":53244,"date":"2025-09-07T15:15:05","date_gmt":"2025-09-07T12:15:05","guid":{"rendered":"https:\/\/www.egemtv.com\/?p=53244"},"modified":"2025-09-07T15:15:06","modified_gmt":"2025-09-07T12:15:06","slug":"aydin-amator-sporunun-sembol-ismi-kemerli-hayatini-kaybetti","status":"publish","type":"post","link":"https:\/\/www.egemtv.com\/?p=53244","title":{"rendered":"Ayd\u0131n amat\u00f6r sporunun sembol ismi Kemerli hayat\u0131n\u0131 kaybetti"},"content":{"rendered":"<p>Ayd\u0131n amat\u00f6r sporunun geli\u015fmesinde b\u00fcy\u00fck emekleri olan Ayd\u0131n Amat\u00f6r Spor Kul\u00fcpleri Federasyonu (ASKF) kurucular\u0131ndan 80 ya\u015f\u0131ndaki Mustafa Kemerli, ge\u00e7irdi\u011fi beyin kanamas\u0131 sonras\u0131 tedavi g\u00f6rd\u00fc\u011f\u00fc hastanede hayat\u0131n\u0131 kaybetti.<\/p>\n<p>Mustafa Kemerli\u2019nin \u00f6l\u00fcm haberini yapt\u0131\u011f\u0131 sosyal medya payla\u015f\u0131m\u0131 ile duyurarak Kemerli\u2019nin ailesi ve spor camias\u0131na ba\u015fsa\u011fl\u0131\u011f\u0131 dileklerini ileten \u0130ncirliova Belediye Ba\u015fkan\u0131 Aytekin Kaya, &#8220;\u0130ncirliovam\u0131zda ve Ayd\u0131n\u2019da sporun geli\u015fmesinde ve yeni sporcular\u0131n yeti\u015fmesinde b\u00fcy\u00fck eme\u011fi olan, \u0130ncirliova Belediyesporumuzda y\u00f6neticilik yapm\u0131\u015f de\u011ferli b\u00fcy\u00fc\u011f\u00fcm\u00fcz Mustafa Kemerli\u2019yi kaybetmenin derin \u00fcz\u00fcnt\u00fcs\u00fcn\u00fc ya\u015f\u0131yoruz. Merhuma y\u00fcce Allah\u2019tan rahmet, kederli ailesine, yak\u0131nlar\u0131na ve spor camias\u0131na ba\u015f sa\u011fl\u0131\u011f\u0131 ve sab\u0131rlar diliyorum. Cenazemiz bug\u00fcn (7 Eyl\u00fcl 2025 Pazar) ikindi namaz\u0131na m\u00fcteakip \u00c7ar\u015f\u0131 Camii\u2019nden kald\u0131r\u0131l\u0131p \u0130ncirliova \u0130l\u00e7e Mezarl\u0131\u011f\u0131\u2019na defnedilecektir&#8221; ifadelerine yer verdi.<br \/><\/p>\n","protected":false},"excerpt":{"rendered":"<p>Ayd\u0131n amat\u00f6r sporunun geli\u015fmesinde b\u00fcy\u00fck emekleri olan Ayd\u0131n Amat\u00f6r Spor Kul\u00fcpleri Federasyonu (ASKF) kurucular\u0131ndan 80 ya\u015f\u0131ndaki Mustafa Kemerli, ge\u00e7irdi\u011fi beyin kanamas\u0131 sonras\u0131 tedavi g\u00f6rd\u00fc\u011f\u00fc hastanede hayat\u0131n\u0131 kaybetti. Mustafa Kemerli\u2019nin \u00f6l\u00fcm haberini yapt\u0131\u011f\u0131 sosyal medya payla\u015f\u0131m\u0131 ile duyurarak Kemerli\u2019nin ailesi ve spor camias\u0131na ba\u015fsa\u011fl\u0131\u011f\u0131 dileklerini ileten \u0130ncirliova Belediye Ba\u015fkan\u0131 Aytekin Kaya, &#8220;\u0130ncirliovam\u0131zda ve Ayd\u0131n\u2019da sporun geli\u015fmesinde&#8230;<\/p>\n","protected":false},"author":1,"featured_media":53245,"comment_status":"open","ping_status":"open","sticky":false,"template":"","format":"standard","meta":{"_crdt_document":"","footnotes":""},"categories":[1],"tags":[],"class_list":["post-53244","post","type-post","status-publish","format-standard","has-post-thumbnail","hentry","category-guncel"],"_links":{"self":[{"href":"https:\/\/www.egemtv.com\/index.php?rest_route=\/wp\/v2\/posts\/53244","targetHints":{"allow":["GET"]}}],"collection":[{"href":"https:\/\/www.egemtv.com\/index.php?rest_route=\/wp\/v2\/posts"}],"about":[{"href":"https:\/\/www.egemtv.com\/index.php?rest_route=\/wp\/v2\/types\/post"}],"author":[{"embeddable":true,"href":"https:\/\/www.egemtv.com\/index.php?rest_route=\/wp\/v2\/users\/1"}],"replies":[{"embeddable":true,"href":"https:\/\/www.egemtv.com\/index.php?rest_route=%2Fwp%2Fv2%2Fcomments&post=53244"}],"version-history":[{"count":1,"href":"https:\/\/www.egemtv.com\/index.php?rest_route=\/wp\/v2\/posts\/53244\/revisions"}],"predecessor-version":[{"id":53246,"href":"https:\/\/www.egemtv.com\/index.php?rest_route=\/wp\/v2\/posts\/53244\/revisions\/53246"}],"wp:featuredmedia":[{"embeddable":true,"href":"https:\/\/www.egemtv.com\/index.php?rest_route=\/wp\/v2\/media\/53245"}],"wp:attachment":[{"href":"https:\/\/www.egemtv.com\/index.php?rest_route=%2Fwp%2Fv2%2Fmedia&parent=53244"}],"wp:term":[{"taxonomy":"category","embeddable":true,"href":"https:\/\/www.egemtv.com\/index.php?rest_route=%2Fwp%2Fv2%2Fcategories&post=53244"},{"taxonomy":"post_tag","embeddable":true,"href":"https:\/\/www.egemtv.com\/index.php?rest_route=%2Fwp%2Fv2%2Ftags&post=53244"}],"curies":[{"name":"wp","href":"https:\/\/api.w.org\/{rel}","templated":true}]}}