{"id":53241,"date":"2025-09-07T15:15:04","date_gmt":"2025-09-07T12:15:04","guid":{"rendered":"https:\/\/www.egemtv.com\/?p=53241"},"modified":"2025-09-07T15:15:05","modified_gmt":"2025-09-07T12:15:05","slug":"afadin-gonullu-bulusmasinda-depreme-yakalandilar","status":"publish","type":"post","link":"https:\/\/www.egemtv.com\/?p=53241","title":{"rendered":"AFAD\u2019\u0131n g\u00f6n\u00fcll\u00fc bulu\u015fmas\u0131nda depreme yakaland\u0131lar"},"content":{"rendered":"<p>Bal\u0131kesir\u2019in S\u0131nd\u0131rg\u0131 il\u00e7esinde meydana gelen 4.9 b\u00fcy\u00fckl\u00fc\u011f\u00fcndeki deprem Manisa\u2019da da hissedildi. Deprem an\u0131nda Manisa Atat\u00fcrk Spor Kompleksi\u2019nde d\u00fczenlenen AFAD Destek AFAD G\u00f6n\u00fcll\u00fcs\u00fc Bulu\u015fmas\u0131 etkinli\u011fi s\u0131ras\u0131nda misafirhanede kalan g\u00fcre\u015f\u00e7iler, k\u0131sa s\u00fcrede binay\u0131 bo\u015faltt\u0131.<br \/>\n<br \/>Saat 12.35\u2019te meydana gelen deprem an\u0131nda Manisa Atat\u00fcrk Spor Kompleksi Misafirhanesi\u2019nde bulunan g\u00fcre\u015f\u00e7iler sars\u0131nt\u0131y\u0131 hissederek, h\u0131zla d\u0131\u015far\u0131 \u00e7\u0131k\u0131p g\u00fcvenli alana ge\u00e7ti.<br \/>\n<br \/>Deprem an\u0131n\u0131 ya\u015fayan sporcular ise, &#8220;Deprem e\u011fitiminin verildi\u011fi s\u0131rada depreme yakaland\u0131k ve kendimizi biraz da olsa \u015fansl\u0131 hissettik&#8221; dedi.<br \/><\/p>\n","protected":false},"excerpt":{"rendered":"<p>Bal\u0131kesir\u2019in S\u0131nd\u0131rg\u0131 il\u00e7esinde meydana gelen 4.9 b\u00fcy\u00fckl\u00fc\u011f\u00fcndeki deprem Manisa\u2019da da hissedildi. Deprem an\u0131nda Manisa Atat\u00fcrk Spor Kompleksi\u2019nde d\u00fczenlenen AFAD Destek AFAD G\u00f6n\u00fcll\u00fcs\u00fc Bulu\u015fmas\u0131 etkinli\u011fi s\u0131ras\u0131nda misafirhanede kalan g\u00fcre\u015f\u00e7iler, k\u0131sa s\u00fcrede binay\u0131 bo\u015faltt\u0131. Saat 12.35\u2019te meydana gelen deprem an\u0131nda Manisa Atat\u00fcrk Spor Kompleksi Misafirhanesi\u2019nde bulunan g\u00fcre\u015f\u00e7iler sars\u0131nt\u0131y\u0131 hissederek, h\u0131zla d\u0131\u015far\u0131 \u00e7\u0131k\u0131p g\u00fcvenli alana ge\u00e7ti. Deprem an\u0131n\u0131&#8230;<\/p>\n","protected":false},"author":1,"featured_media":53242,"comment_status":"open","ping_status":"open","sticky":false,"template":"","format":"standard","meta":{"_crdt_document":"","footnotes":""},"categories":[1],"tags":[],"class_list":["post-53241","post","type-post","status-publish","format-standard","has-post-thumbnail","hentry","category-guncel"],"_links":{"self":[{"href":"https:\/\/www.egemtv.com\/index.php?rest_route=\/wp\/v2\/posts\/53241","targetHints":{"allow":["GET"]}}],"collection":[{"href":"https:\/\/www.egemtv.com\/index.php?rest_route=\/wp\/v2\/posts"}],"about":[{"href":"https:\/\/www.egemtv.com\/index.php?rest_route=\/wp\/v2\/types\/post"}],"author":[{"embeddable":true,"href":"https:\/\/www.egemtv.com\/index.php?rest_route=\/wp\/v2\/users\/1"}],"replies":[{"embeddable":true,"href":"https:\/\/www.egemtv.com\/index.php?rest_route=%2Fwp%2Fv2%2Fcomments&post=53241"}],"version-history":[{"count":1,"href":"https:\/\/www.egemtv.com\/index.php?rest_route=\/wp\/v2\/posts\/53241\/revisions"}],"predecessor-version":[{"id":53243,"href":"https:\/\/www.egemtv.com\/index.php?rest_route=\/wp\/v2\/posts\/53241\/revisions\/53243"}],"wp:featuredmedia":[{"embeddable":true,"href":"https:\/\/www.egemtv.com\/index.php?rest_route=\/wp\/v2\/media\/53242"}],"wp:attachment":[{"href":"https:\/\/www.egemtv.com\/index.php?rest_route=%2Fwp%2Fv2%2Fmedia&parent=53241"}],"wp:term":[{"taxonomy":"category","embeddable":true,"href":"https:\/\/www.egemtv.com\/index.php?rest_route=%2Fwp%2Fv2%2Fcategories&post=53241"},{"taxonomy":"post_tag","embeddable":true,"href":"https:\/\/www.egemtv.com\/index.php?rest_route=%2Fwp%2Fv2%2Ftags&post=53241"}],"curies":[{"name":"wp","href":"https:\/\/api.w.org\/{rel}","templated":true}]}}