{"id":53238,"date":"2025-09-07T15:15:03","date_gmt":"2025-09-07T12:15:03","guid":{"rendered":"https:\/\/www.egemtv.com\/?p=53238"},"modified":"2025-09-07T15:15:04","modified_gmt":"2025-09-07T12:15:04","slug":"akrabalarinin-dugun-yemegine-giderken-30-metrelik-sarampole-yuvarlandilar","status":"publish","type":"post","link":"https:\/\/www.egemtv.com\/?p=53238","title":{"rendered":"Akrabalar\u0131n\u0131n d\u00fc\u011f\u00fcn yeme\u011fine giderken 30 metrelik \u015farampole yuvarland\u0131lar"},"content":{"rendered":"<p>Mu\u011fla\u2019n\u0131n Seydikemer il\u00e7esinde akrabalar\u0131n\u0131n d\u00fc\u011f\u00fcn yeme\u011fine gitmek i\u00e7in yola \u00e7\u0131kan ailenin i\u00e7erisinde bulundu\u011fu ara\u00e7 30 metrelik \u015farampole yuvarlan\u0131rken, kazada 1 ki\u015fi hayat\u0131n\u0131 kaybetti 5 ki\u015fi de yaraland\u0131.<\/p>\n<p>Edinilen bilgiye g\u00f6re, S.K.(29) idaresindeki 48 M 0806 plakal\u0131 ara\u00e7, iddiaya g\u00f6re plakas\u0131 hen\u00fcz belirlenemeyen bir arac\u0131n s\u0131k\u0131\u015ft\u0131rmas\u0131 sonucu s\u00fcr\u00fcc\u00fcn\u00fcn direksiyon hakimiyetini kaybetmesiyle yoldan \u00e7\u0131karak yakla\u015f\u0131k 30 metrelik \u015farampole yuvarland\u0131. Kazada ara\u00e7ta yolcu olarak bulunan Song\u00fcl Karc\u0131 G. (41) olay yerinde hayat\u0131n\u0131 kaybetti. Ara\u00e7 s\u00fcr\u00fcc\u00fcs\u00fc S. K. ile birlikte S.G. (14), S.G. (11), A.G. (10) ve E.T.G. (2) yaraland\u0131. Yaral\u0131lar, olay yerine gelen sa\u011fl\u0131k ekiplerinin ilk m\u00fcdahalesinin ard\u0131ndan \u00e7evredeki hastanelere sevk edildi. Kazayla ilgili soru\u015fturma s\u00fcrerken, ailenin akrabalar\u0131n\u0131n d\u00fc\u011f\u00fcn yeme\u011fine gitmek i\u00e7in yola \u00e7\u0131kt\u0131klar\u0131 \u00f6\u011frenildi.<\/p>\n<p>Kazayla ilgili soru\u015fturma s\u00fcr\u00fcyor.<\/p>\n","protected":false},"excerpt":{"rendered":"<p>Mu\u011fla\u2019n\u0131n Seydikemer il\u00e7esinde akrabalar\u0131n\u0131n d\u00fc\u011f\u00fcn yeme\u011fine gitmek i\u00e7in yola \u00e7\u0131kan ailenin i\u00e7erisinde bulundu\u011fu ara\u00e7 30 metrelik \u015farampole yuvarlan\u0131rken, kazada 1 ki\u015fi hayat\u0131n\u0131 kaybetti 5 ki\u015fi de yaraland\u0131. Edinilen bilgiye g\u00f6re, S.K.(29) idaresindeki 48 M 0806 plakal\u0131 ara\u00e7, iddiaya g\u00f6re plakas\u0131 hen\u00fcz belirlenemeyen bir arac\u0131n s\u0131k\u0131\u015ft\u0131rmas\u0131 sonucu s\u00fcr\u00fcc\u00fcn\u00fcn direksiyon hakimiyetini kaybetmesiyle yoldan \u00e7\u0131karak yakla\u015f\u0131k 30 metrelik&#8230;<\/p>\n","protected":false},"author":1,"featured_media":53239,"comment_status":"open","ping_status":"open","sticky":false,"template":"","format":"standard","meta":{"_crdt_document":"","footnotes":""},"categories":[5],"tags":[],"class_list":["post-53238","post","type-post","status-publish","format-standard","has-post-thumbnail","hentry","category-asayis"],"_links":{"self":[{"href":"https:\/\/www.egemtv.com\/index.php?rest_route=\/wp\/v2\/posts\/53238","targetHints":{"allow":["GET"]}}],"collection":[{"href":"https:\/\/www.egemtv.com\/index.php?rest_route=\/wp\/v2\/posts"}],"about":[{"href":"https:\/\/www.egemtv.com\/index.php?rest_route=\/wp\/v2\/types\/post"}],"author":[{"embeddable":true,"href":"https:\/\/www.egemtv.com\/index.php?rest_route=\/wp\/v2\/users\/1"}],"replies":[{"embeddable":true,"href":"https:\/\/www.egemtv.com\/index.php?rest_route=%2Fwp%2Fv2%2Fcomments&post=53238"}],"version-history":[{"count":1,"href":"https:\/\/www.egemtv.com\/index.php?rest_route=\/wp\/v2\/posts\/53238\/revisions"}],"predecessor-version":[{"id":53240,"href":"https:\/\/www.egemtv.com\/index.php?rest_route=\/wp\/v2\/posts\/53238\/revisions\/53240"}],"wp:featuredmedia":[{"embeddable":true,"href":"https:\/\/www.egemtv.com\/index.php?rest_route=\/wp\/v2\/media\/53239"}],"wp:attachment":[{"href":"https:\/\/www.egemtv.com\/index.php?rest_route=%2Fwp%2Fv2%2Fmedia&parent=53238"}],"wp:term":[{"taxonomy":"category","embeddable":true,"href":"https:\/\/www.egemtv.com\/index.php?rest_route=%2Fwp%2Fv2%2Fcategories&post=53238"},{"taxonomy":"post_tag","embeddable":true,"href":"https:\/\/www.egemtv.com\/index.php?rest_route=%2Fwp%2Fv2%2Ftags&post=53238"}],"curies":[{"name":"wp","href":"https:\/\/api.w.org\/{rel}","templated":true}]}}