{"id":53235,"date":"2025-09-07T15:15:01","date_gmt":"2025-09-07T12:15:01","guid":{"rendered":"https:\/\/www.egemtv.com\/?p=53235"},"modified":"2025-09-07T15:15:03","modified_gmt":"2025-09-07T12:15:03","slug":"germencikte-okullar-yeni-doneme-hazirlandi","status":"publish","type":"post","link":"https:\/\/www.egemtv.com\/?p=53235","title":{"rendered":"Germencik\u2019te okullar yeni d\u00f6neme haz\u0131rland\u0131"},"content":{"rendered":"<p>T\u00fcrkiye genelinde oldu\u011fu gibi 2025-2026 e\u011fitim \u00f6\u011fretim y\u0131l\u0131 Ayd\u0131n\u2019da da 8 Eyl\u00fcl Pazartesi g\u00fcn\u00fc ba\u015flayacak. 188 bin 343 \u00f6\u011frencinin ders ba\u015f\u0131 yapaca\u011f\u0131 il genelinde, Germencik Belediyesi de \u00f6\u011frencilerin ve \u00f6\u011fretmenlerin sa\u011fl\u0131kl\u0131 bir ortamda e\u011fitim g\u00f6rmesi i\u00e7in il\u00e7edeki t\u00fcm okullarda ila\u00e7lama \u00e7al\u0131\u015fmas\u0131 ger\u00e7ekle\u015ftirdi.<\/p>\n<p>Anaokullar\u0131ndan liselere kadar t\u00fcm e\u011fitim kurumlar\u0131nda y\u00fcr\u00fct\u00fclen \u00e7al\u0131\u015fmalarda, s\u0131n\u0131flar, bah\u00e7eler ve ortak kullan\u0131m alanlar\u0131 dezenfekte edildi. Konuya ili\u015fkin a\u00e7\u0131klama yapan Germencik Belediye Ba\u015fkan\u0131 Burak Zencirci, &#8220;\u0130l\u00e7emizde bulunan t\u00fcm anaokulu, ilk ve ortaokul ile liselerde ekiplerimiz ila\u00e7lama \u00e7al\u0131\u015fmas\u0131 ger\u00e7ekle\u015ftirdi. Ba\u015flayacak olan yeni e\u011fitim \u00f6\u011fretim y\u0131l\u0131 \u00f6ncesinde \u00f6\u011fretmen ve \u00f6\u011frencilerimizin huzur ve sa\u011fl\u0131\u011f\u0131 i\u00e7in ekiplerimiz \u00e7al\u0131\u015fmalar\u0131n\u0131 s\u00fcrd\u00fcr\u00fcyor&#8221; ifadelerini kulland\u0131.<br \/><\/p>\n","protected":false},"excerpt":{"rendered":"<p>T\u00fcrkiye genelinde oldu\u011fu gibi 2025-2026 e\u011fitim \u00f6\u011fretim y\u0131l\u0131 Ayd\u0131n\u2019da da 8 Eyl\u00fcl Pazartesi g\u00fcn\u00fc ba\u015flayacak. 188 bin 343 \u00f6\u011frencinin ders ba\u015f\u0131 yapaca\u011f\u0131 il genelinde, Germencik Belediyesi de \u00f6\u011frencilerin ve \u00f6\u011fretmenlerin sa\u011fl\u0131kl\u0131 bir ortamda e\u011fitim g\u00f6rmesi i\u00e7in il\u00e7edeki t\u00fcm okullarda ila\u00e7lama \u00e7al\u0131\u015fmas\u0131 ger\u00e7ekle\u015ftirdi. Anaokullar\u0131ndan liselere kadar t\u00fcm e\u011fitim kurumlar\u0131nda y\u00fcr\u00fct\u00fclen \u00e7al\u0131\u015fmalarda, s\u0131n\u0131flar, bah\u00e7eler ve ortak kullan\u0131m&#8230;<\/p>\n","protected":false},"author":1,"featured_media":53236,"comment_status":"open","ping_status":"open","sticky":false,"template":"","format":"standard","meta":{"_crdt_document":"","footnotes":""},"categories":[1],"tags":[],"class_list":["post-53235","post","type-post","status-publish","format-standard","has-post-thumbnail","hentry","category-guncel"],"_links":{"self":[{"href":"https:\/\/www.egemtv.com\/index.php?rest_route=\/wp\/v2\/posts\/53235","targetHints":{"allow":["GET"]}}],"collection":[{"href":"https:\/\/www.egemtv.com\/index.php?rest_route=\/wp\/v2\/posts"}],"about":[{"href":"https:\/\/www.egemtv.com\/index.php?rest_route=\/wp\/v2\/types\/post"}],"author":[{"embeddable":true,"href":"https:\/\/www.egemtv.com\/index.php?rest_route=\/wp\/v2\/users\/1"}],"replies":[{"embeddable":true,"href":"https:\/\/www.egemtv.com\/index.php?rest_route=%2Fwp%2Fv2%2Fcomments&post=53235"}],"version-history":[{"count":1,"href":"https:\/\/www.egemtv.com\/index.php?rest_route=\/wp\/v2\/posts\/53235\/revisions"}],"predecessor-version":[{"id":53237,"href":"https:\/\/www.egemtv.com\/index.php?rest_route=\/wp\/v2\/posts\/53235\/revisions\/53237"}],"wp:featuredmedia":[{"embeddable":true,"href":"https:\/\/www.egemtv.com\/index.php?rest_route=\/wp\/v2\/media\/53236"}],"wp:attachment":[{"href":"https:\/\/www.egemtv.com\/index.php?rest_route=%2Fwp%2Fv2%2Fmedia&parent=53235"}],"wp:term":[{"taxonomy":"category","embeddable":true,"href":"https:\/\/www.egemtv.com\/index.php?rest_route=%2Fwp%2Fv2%2Fcategories&post=53235"},{"taxonomy":"post_tag","embeddable":true,"href":"https:\/\/www.egemtv.com\/index.php?rest_route=%2Fwp%2Fv2%2Ftags&post=53235"}],"curies":[{"name":"wp","href":"https:\/\/api.w.org\/{rel}","templated":true}]}}