{"id":53232,"date":"2025-09-07T14:35:51","date_gmt":"2025-09-07T11:35:51","guid":{"rendered":"https:\/\/www.egemtv.com\/?p=53232"},"modified":"2025-09-07T14:35:51","modified_gmt":"2025-09-07T11:35:51","slug":"fatih-mahalle-muhtari-tascioglundan-okul-tesekkuru","status":"publish","type":"post","link":"https:\/\/www.egemtv.com\/?p=53232","title":{"rendered":"Fatih Mahalle Muhtar\u0131 Ta\u015f\u00e7\u0131o\u011flu\u2019ndan okul te\u015fekk\u00fcr\u00fc"},"content":{"rendered":"<p>Ayd\u0131n\u2019\u0131n Efeler il\u00e7esi Fatih Mahallesi, yeni e\u011fitim-\u00f6\u011fretim y\u0131l\u0131na yeni okul heyecan\u0131yla girerken yap\u0131m\u0131 tamamlanan Fatih \u0130lkokulu 8 Eyl\u00fcl 2025 Pazartesi g\u00fcn\u00fc a\u00e7\u0131larak \u00f6\u011frencilere kap\u0131lar\u0131n\u0131 aralayacak.  Fatih Mahalle Muhtar\u0131 Y\u0131ld\u0131z Karada\u015f Ta\u015f\u00e7\u0131o\u011flu, okulun yap\u0131m\u0131nda eme\u011fi ge\u00e7en herkese te\u015fekk\u00fcr etti.<\/p>\n<p>Yeni e\u011fitim-\u00f6\u011fretim y\u0131l\u0131 t\u00fcm T\u00fcrkiye\u2019de oldu\u011fu gibi Ayd\u0131n\u2019da da 8 Eyl\u00fcl Pazartesi g\u00fcn\u00fc ba\u015flayacak. \u00d6\u011frenciler, yaz tatilinin ard\u0131ndan ders ba\u015f\u0131 yaparken Efeler Fatih Mahallesi\u2019nde a\u00e7\u0131lacak yeni okul, y\u00fczlerce \u00f6\u011frenci i\u00e7in ilk g\u00fcn heyecan\u0131n\u0131 daha da anlaml\u0131 hale getirecek. Fatih Mahalle Muhtar\u0131 Y\u0131ld\u0131z Karada\u015f Ta\u015f\u00e7\u0131o\u011flu, okulun a\u00e7\u0131l\u0131\u015f\u0131yla ilgili yapt\u0131\u011f\u0131 a\u00e7\u0131klamada, &#8220;\u00c7ok mutluyuz. Fatih Mahallemizde 8 Eyl\u00fcl 2025 tarihinde a\u00e7\u0131lacak olan Fatih \u0130lkokulu \u00f6\u011frencilerimize, \u00f6\u011fretmenlerimize, velilerimize ve mahallemize hay\u0131rl\u0131 u\u011furlu olsun. \u00d6nceki d\u00f6nem Ayd\u0131n Valilerimizden H\u00fcseyin Aksoy\u2019a mahallemize ilkokul kazand\u0131rmak i\u00e7in talepte bulunmu\u015ftuk. Kendileri de sa\u011f olsunlar Didim\u2019de konut sat\u0131p Fatih \u0130lkokulumuzun temeli i\u00e7in harcanm\u0131\u015ft\u0131, daha sonra da \u00f6denek bakanl\u0131\u011f\u0131m\u0131zdan gelmi\u015fti. Ayd\u0131n Valimiz Yakup Canbolat da s\u00fcreci takip etmi\u015fti. Okulumuzun tamamlanmas\u0131nda eme\u011fi ge\u00e7en herkesten Allah raz\u0131 olsun. Mahallemize okul kazand\u0131rman\u0131n ve elbirli\u011fi ile \u00e7al\u0131\u015fman\u0131n, ba\u015farman\u0131n mutlulu\u011funu ya\u015f\u0131yoruz. \u00c7ok \u015f\u00fck\u00fcr bug\u00fcnleri g\u00f6rd\u00fck&#8221; ifadelerini kulland\u0131.<br \/><\/p>\n","protected":false},"excerpt":{"rendered":"<p>Ayd\u0131n\u2019\u0131n Efeler il\u00e7esi Fatih Mahallesi, yeni e\u011fitim-\u00f6\u011fretim y\u0131l\u0131na yeni okul heyecan\u0131yla girerken yap\u0131m\u0131 tamamlanan Fatih \u0130lkokulu 8 Eyl\u00fcl 2025 Pazartesi g\u00fcn\u00fc a\u00e7\u0131larak \u00f6\u011frencilere kap\u0131lar\u0131n\u0131 aralayacak. Fatih Mahalle Muhtar\u0131 Y\u0131ld\u0131z Karada\u015f Ta\u015f\u00e7\u0131o\u011flu, okulun yap\u0131m\u0131nda eme\u011fi ge\u00e7en herkese te\u015fekk\u00fcr etti. Yeni e\u011fitim-\u00f6\u011fretim y\u0131l\u0131 t\u00fcm T\u00fcrkiye\u2019de oldu\u011fu gibi Ayd\u0131n\u2019da da 8 Eyl\u00fcl Pazartesi g\u00fcn\u00fc ba\u015flayacak. \u00d6\u011frenciler, yaz tatilinin&#8230;<\/p>\n","protected":false},"author":1,"featured_media":53233,"comment_status":"open","ping_status":"open","sticky":false,"template":"","format":"standard","meta":{"_crdt_document":"","footnotes":""},"categories":[1],"tags":[],"class_list":["post-53232","post","type-post","status-publish","format-standard","has-post-thumbnail","hentry","category-guncel"],"_links":{"self":[{"href":"https:\/\/www.egemtv.com\/index.php?rest_route=\/wp\/v2\/posts\/53232","targetHints":{"allow":["GET"]}}],"collection":[{"href":"https:\/\/www.egemtv.com\/index.php?rest_route=\/wp\/v2\/posts"}],"about":[{"href":"https:\/\/www.egemtv.com\/index.php?rest_route=\/wp\/v2\/types\/post"}],"author":[{"embeddable":true,"href":"https:\/\/www.egemtv.com\/index.php?rest_route=\/wp\/v2\/users\/1"}],"replies":[{"embeddable":true,"href":"https:\/\/www.egemtv.com\/index.php?rest_route=%2Fwp%2Fv2%2Fcomments&post=53232"}],"version-history":[{"count":1,"href":"https:\/\/www.egemtv.com\/index.php?rest_route=\/wp\/v2\/posts\/53232\/revisions"}],"predecessor-version":[{"id":53234,"href":"https:\/\/www.egemtv.com\/index.php?rest_route=\/wp\/v2\/posts\/53232\/revisions\/53234"}],"wp:featuredmedia":[{"embeddable":true,"href":"https:\/\/www.egemtv.com\/index.php?rest_route=\/wp\/v2\/media\/53233"}],"wp:attachment":[{"href":"https:\/\/www.egemtv.com\/index.php?rest_route=%2Fwp%2Fv2%2Fmedia&parent=53232"}],"wp:term":[{"taxonomy":"category","embeddable":true,"href":"https:\/\/www.egemtv.com\/index.php?rest_route=%2Fwp%2Fv2%2Fcategories&post=53232"},{"taxonomy":"post_tag","embeddable":true,"href":"https:\/\/www.egemtv.com\/index.php?rest_route=%2Fwp%2Fv2%2Ftags&post=53232"}],"curies":[{"name":"wp","href":"https:\/\/api.w.org\/{rel}","templated":true}]}}