{"id":53229,"date":"2025-09-07T14:15:08","date_gmt":"2025-09-07T11:15:08","guid":{"rendered":"https:\/\/www.egemtv.com\/?p=53229"},"modified":"2025-09-07T14:15:09","modified_gmt":"2025-09-07T11:15:09","slug":"mentesede-bin-yillik-sarnic-icin-destek-cagrisi","status":"publish","type":"post","link":"https:\/\/www.egemtv.com\/?p=53229","title":{"rendered":"Mente\u015fe\u2019de bin y\u0131ll\u0131k sarn\u0131\u00e7 i\u00e7in destek \u00e7a\u011fr\u0131s\u0131"},"content":{"rendered":"<p>Mu\u011fla\u2019n\u0131n Mente\u015fe il\u00e7esine ba\u011fl\u0131 \u015eenyayla Mahallesi\u2019nde bulunan ve en az bin y\u0131ll\u0131k oldu\u011fu iddia edilen tarihi sarn\u0131c\u0131n restore edilmesi i\u00e7in vatanda\u015flar yetkili kurumlardan destek istedi.<br \/>\n<br \/>Ard\u0131\u00e7 Ovas\u0131\u2019nda bulunan sarn\u0131c\u0131n y\u0131k\u0131lmak \u00fczere oldu\u011funu belirten vatanda\u015flardan \u00d6zay Alt\u0131n, \u00e7ekti\u011fi video ile konuyu g\u00fcndeme ta\u015f\u0131d\u0131. Defalarca ilgili kurumlara ba\u015fvurdu\u011funu ancak bir sonu\u00e7 alamad\u0131\u011f\u0131n\u0131 ifade eden Alt\u0131n, tarihi yap\u0131n\u0131n korunmas\u0131 i\u00e7in destek istedi. \u00d6zay Alt\u0131n, &#8220;Ge\u00e7mi\u015fimize ve k\u00fclt\u00fcrel miras\u0131m\u0131za sahip \u00e7\u0131kmam\u0131z gerekiyor. Bu sarn\u0131\u00e7 b\u00f6lgenin tarihine \u0131\u015f\u0131k tutuyor. Y\u0131k\u0131lmadan \u00f6nce restore edilmesini istiyoruz&#8221; s\u00f6zleriyle yetkililere seslendi.<br \/><\/p>\n","protected":false},"excerpt":{"rendered":"<p>Mu\u011fla\u2019n\u0131n Mente\u015fe il\u00e7esine ba\u011fl\u0131 \u015eenyayla Mahallesi\u2019nde bulunan ve en az bin y\u0131ll\u0131k oldu\u011fu iddia edilen tarihi sarn\u0131c\u0131n restore edilmesi i\u00e7in vatanda\u015flar yetkili kurumlardan destek istedi. Ard\u0131\u00e7 Ovas\u0131\u2019nda bulunan sarn\u0131c\u0131n y\u0131k\u0131lmak \u00fczere oldu\u011funu belirten vatanda\u015flardan \u00d6zay Alt\u0131n, \u00e7ekti\u011fi video ile konuyu g\u00fcndeme ta\u015f\u0131d\u0131. Defalarca ilgili kurumlara ba\u015fvurdu\u011funu ancak bir sonu\u00e7 alamad\u0131\u011f\u0131n\u0131 ifade eden Alt\u0131n, tarihi yap\u0131n\u0131n&#8230;<\/p>\n","protected":false},"author":1,"featured_media":53230,"comment_status":"open","ping_status":"open","sticky":false,"template":"","format":"standard","meta":{"_crdt_document":"","footnotes":""},"categories":[1],"tags":[],"class_list":["post-53229","post","type-post","status-publish","format-standard","has-post-thumbnail","hentry","category-guncel"],"_links":{"self":[{"href":"https:\/\/www.egemtv.com\/index.php?rest_route=\/wp\/v2\/posts\/53229","targetHints":{"allow":["GET"]}}],"collection":[{"href":"https:\/\/www.egemtv.com\/index.php?rest_route=\/wp\/v2\/posts"}],"about":[{"href":"https:\/\/www.egemtv.com\/index.php?rest_route=\/wp\/v2\/types\/post"}],"author":[{"embeddable":true,"href":"https:\/\/www.egemtv.com\/index.php?rest_route=\/wp\/v2\/users\/1"}],"replies":[{"embeddable":true,"href":"https:\/\/www.egemtv.com\/index.php?rest_route=%2Fwp%2Fv2%2Fcomments&post=53229"}],"version-history":[{"count":1,"href":"https:\/\/www.egemtv.com\/index.php?rest_route=\/wp\/v2\/posts\/53229\/revisions"}],"predecessor-version":[{"id":53231,"href":"https:\/\/www.egemtv.com\/index.php?rest_route=\/wp\/v2\/posts\/53229\/revisions\/53231"}],"wp:featuredmedia":[{"embeddable":true,"href":"https:\/\/www.egemtv.com\/index.php?rest_route=\/wp\/v2\/media\/53230"}],"wp:attachment":[{"href":"https:\/\/www.egemtv.com\/index.php?rest_route=%2Fwp%2Fv2%2Fmedia&parent=53229"}],"wp:term":[{"taxonomy":"category","embeddable":true,"href":"https:\/\/www.egemtv.com\/index.php?rest_route=%2Fwp%2Fv2%2Fcategories&post=53229"},{"taxonomy":"post_tag","embeddable":true,"href":"https:\/\/www.egemtv.com\/index.php?rest_route=%2Fwp%2Fv2%2Ftags&post=53229"}],"curies":[{"name":"wp","href":"https:\/\/api.w.org\/{rel}","templated":true}]}}