{"id":53226,"date":"2025-09-07T14:15:07","date_gmt":"2025-09-07T11:15:07","guid":{"rendered":"https:\/\/www.egemtv.com\/?p=53226"},"modified":"2025-09-07T14:15:08","modified_gmt":"2025-09-07T11:15:08","slug":"jandarma-driftciye-goz-actirmadi-46-bin-tl-ceza","status":"publish","type":"post","link":"https:\/\/www.egemtv.com\/?p=53226","title":{"rendered":"Jandarma drift\u00e7iye g\u00f6z a\u00e7t\u0131rmad\u0131: 46 bin TL ceza"},"content":{"rendered":"<p>\u0130zmir\u2019de otomobiliyle drift yapan s\u00fcr\u00fcc\u00fcye, 46 bin 392 TL para cezas\u0131 uygulanarak arac\u0131 trafikten men edildi.<br \/>\n<br \/>Urla il\u00e7esinde d\u00fcn sabah saat 10.20 s\u0131ralar\u0131nda C.A. isimli \u015f\u00fcpheli 35 CNS 735 plakal\u0131 otomobiliyle drift yaparak trafi\u011fi tehlikeye d\u00fc\u015f\u00fcrd\u00fc. \u0130zmir Otoyol Jandarma Komutanl\u0131\u011f\u0131 ekiplerinin \u00e7al\u0131\u015fmas\u0131yla g\u00f6zalt\u0131na al\u0131nan s\u00fcr\u00fcc\u00fcye 46 bin 392 TL para cezas\u0131 uygulan\u0131rken, arac\u0131 da trafikten men edildi. Drift anlar\u0131 ise \u00e7evredeki vatanda\u015flar\u0131n cep telefonu kameras\u0131na yans\u0131d\u0131.<br \/><\/p>\n","protected":false},"excerpt":{"rendered":"<p>\u0130zmir\u2019de otomobiliyle drift yapan s\u00fcr\u00fcc\u00fcye, 46 bin 392 TL para cezas\u0131 uygulanarak arac\u0131 trafikten men edildi. Urla il\u00e7esinde d\u00fcn sabah saat 10.20 s\u0131ralar\u0131nda C.A. isimli \u015f\u00fcpheli 35 CNS 735 plakal\u0131 otomobiliyle drift yaparak trafi\u011fi tehlikeye d\u00fc\u015f\u00fcrd\u00fc. \u0130zmir Otoyol Jandarma Komutanl\u0131\u011f\u0131 ekiplerinin \u00e7al\u0131\u015fmas\u0131yla g\u00f6zalt\u0131na al\u0131nan s\u00fcr\u00fcc\u00fcye 46 bin 392 TL para cezas\u0131 uygulan\u0131rken, arac\u0131 da trafikten&#8230;<\/p>\n","protected":false},"author":1,"featured_media":53227,"comment_status":"open","ping_status":"open","sticky":false,"template":"","format":"standard","meta":{"_crdt_document":"","footnotes":""},"categories":[5],"tags":[],"class_list":["post-53226","post","type-post","status-publish","format-standard","has-post-thumbnail","hentry","category-asayis"],"_links":{"self":[{"href":"https:\/\/www.egemtv.com\/index.php?rest_route=\/wp\/v2\/posts\/53226","targetHints":{"allow":["GET"]}}],"collection":[{"href":"https:\/\/www.egemtv.com\/index.php?rest_route=\/wp\/v2\/posts"}],"about":[{"href":"https:\/\/www.egemtv.com\/index.php?rest_route=\/wp\/v2\/types\/post"}],"author":[{"embeddable":true,"href":"https:\/\/www.egemtv.com\/index.php?rest_route=\/wp\/v2\/users\/1"}],"replies":[{"embeddable":true,"href":"https:\/\/www.egemtv.com\/index.php?rest_route=%2Fwp%2Fv2%2Fcomments&post=53226"}],"version-history":[{"count":1,"href":"https:\/\/www.egemtv.com\/index.php?rest_route=\/wp\/v2\/posts\/53226\/revisions"}],"predecessor-version":[{"id":53228,"href":"https:\/\/www.egemtv.com\/index.php?rest_route=\/wp\/v2\/posts\/53226\/revisions\/53228"}],"wp:featuredmedia":[{"embeddable":true,"href":"https:\/\/www.egemtv.com\/index.php?rest_route=\/wp\/v2\/media\/53227"}],"wp:attachment":[{"href":"https:\/\/www.egemtv.com\/index.php?rest_route=%2Fwp%2Fv2%2Fmedia&parent=53226"}],"wp:term":[{"taxonomy":"category","embeddable":true,"href":"https:\/\/www.egemtv.com\/index.php?rest_route=%2Fwp%2Fv2%2Fcategories&post=53226"},{"taxonomy":"post_tag","embeddable":true,"href":"https:\/\/www.egemtv.com\/index.php?rest_route=%2Fwp%2Fv2%2Ftags&post=53226"}],"curies":[{"name":"wp","href":"https:\/\/api.w.org\/{rel}","templated":true}]}}