{"id":53223,"date":"2025-09-07T14:15:05","date_gmt":"2025-09-07T11:15:05","guid":{"rendered":"https:\/\/www.egemtv.com\/?p=53223"},"modified":"2025-09-07T14:15:07","modified_gmt":"2025-09-07T11:15:07","slug":"baskan-ozelden-7-eylul-kurtulus-gunu-mesaji","status":"publish","type":"post","link":"https:\/\/www.egemtv.com\/?p=53223","title":{"rendered":"Ba\u015fkan \u00d6zel\u2019den 7 Eyl\u00fcl Kurtulu\u015f G\u00fcn\u00fc mesaj\u0131"},"content":{"rendered":"<p>Bozdo\u011fan Belediye Ba\u015fkan\u0131 Mustafa Galip \u00d6zel, Ayd\u0131n\u2019\u0131n d\u00fc\u015fman i\u015fgalinden kurtulu\u015funun 103. y\u0131l d\u00f6n\u00fcm\u00fc dolay\u0131s\u0131yla bir kutlama mesaj\u0131 yay\u0131mlad\u0131.<\/p>\n<p>Bozdo\u011fan Belediye Ba\u015fkan\u0131 Mustafa Galip \u00d6zel Ayd\u0131n\u2019\u0131n d\u00fc\u015fman i\u015fgalinden kurtulu\u015funun 103. y\u0131l d\u00f6n\u00fcm\u00fc dolay\u0131s\u0131yla yay\u0131mlad\u0131\u011f\u0131 mesaj\u0131nda \u015fu ifadelere yer verdi:<br \/>\n<br \/>&#8220;7 Eyl\u00fcl 1922, yaln\u0131zca Ayd\u0131n\u2019\u0131n de\u011fil, t\u00fcm Ege\u2019nin ve Anadolu\u2019nun yeniden \u015fahlan\u0131\u015f\u0131n\u0131n tarihidir. Yi\u011fit efelerimizin, vatan sevgisiyle g\u00f6sterdi\u011fi kahramanl\u0131k, ba\u011f\u0131ms\u0131zl\u0131k m\u00fccadelemize g\u00fc\u00e7 katm\u0131\u015f, milletimizin \u00f6zg\u00fcrl\u00fck destan\u0131nda unutulmaz bir yer edinmi\u015ftir. Y\u00f6r\u00fck Ali Efe\u2019den Demirci Mehmet Efe\u2019ye kadar nice yi\u011fit, da\u011flarda, ovalarda ve k\u00f6ylerde direni\u015f ate\u015fini harlam\u0131\u015f; i\u015fgale boyun e\u011fmeyen Ayd\u0131n halk\u0131n\u0131n simgesi olmu\u015ftur. Efeler Diyar\u0131 Ayd\u0131n\u2019\u0131m\u0131z\u0131n kurtulu\u015funun 103. y\u0131l\u0131n\u0131 kutlarken, ba\u015fta Ulu \u00d6nderimiz Gazi Mustafa Kemal Atat\u00fcrk ve silah arkada\u015flar\u0131 olmak \u00fczere, bu topraklarda \u00f6zg\u00fcrl\u00fck u\u011fruna can veren yi\u011fit efelerimizi rahmet, minnet ve \u015f\u00fckranla an\u0131yorum. Onlar\u0131n cesareti, bizlere daima yol g\u00f6sterici olmaya devam edecektir&#8221; ifadelerini kulland\u0131<br \/><\/p>\n","protected":false},"excerpt":{"rendered":"<p>Bozdo\u011fan Belediye Ba\u015fkan\u0131 Mustafa Galip \u00d6zel, Ayd\u0131n\u2019\u0131n d\u00fc\u015fman i\u015fgalinden kurtulu\u015funun 103. y\u0131l d\u00f6n\u00fcm\u00fc dolay\u0131s\u0131yla bir kutlama mesaj\u0131 yay\u0131mlad\u0131. Bozdo\u011fan Belediye Ba\u015fkan\u0131 Mustafa Galip \u00d6zel Ayd\u0131n\u2019\u0131n d\u00fc\u015fman i\u015fgalinden kurtulu\u015funun 103. y\u0131l d\u00f6n\u00fcm\u00fc dolay\u0131s\u0131yla yay\u0131mlad\u0131\u011f\u0131 mesaj\u0131nda \u015fu ifadelere yer verdi: &#8220;7 Eyl\u00fcl 1922, yaln\u0131zca Ayd\u0131n\u2019\u0131n de\u011fil, t\u00fcm Ege\u2019nin ve Anadolu\u2019nun yeniden \u015fahlan\u0131\u015f\u0131n\u0131n tarihidir. Yi\u011fit efelerimizin, vatan sevgisiyle&#8230;<\/p>\n","protected":false},"author":1,"featured_media":53224,"comment_status":"open","ping_status":"open","sticky":false,"template":"","format":"standard","meta":{"_crdt_document":"","footnotes":""},"categories":[1],"tags":[],"class_list":["post-53223","post","type-post","status-publish","format-standard","has-post-thumbnail","hentry","category-guncel"],"_links":{"self":[{"href":"https:\/\/www.egemtv.com\/index.php?rest_route=\/wp\/v2\/posts\/53223","targetHints":{"allow":["GET"]}}],"collection":[{"href":"https:\/\/www.egemtv.com\/index.php?rest_route=\/wp\/v2\/posts"}],"about":[{"href":"https:\/\/www.egemtv.com\/index.php?rest_route=\/wp\/v2\/types\/post"}],"author":[{"embeddable":true,"href":"https:\/\/www.egemtv.com\/index.php?rest_route=\/wp\/v2\/users\/1"}],"replies":[{"embeddable":true,"href":"https:\/\/www.egemtv.com\/index.php?rest_route=%2Fwp%2Fv2%2Fcomments&post=53223"}],"version-history":[{"count":1,"href":"https:\/\/www.egemtv.com\/index.php?rest_route=\/wp\/v2\/posts\/53223\/revisions"}],"predecessor-version":[{"id":53225,"href":"https:\/\/www.egemtv.com\/index.php?rest_route=\/wp\/v2\/posts\/53223\/revisions\/53225"}],"wp:featuredmedia":[{"embeddable":true,"href":"https:\/\/www.egemtv.com\/index.php?rest_route=\/wp\/v2\/media\/53224"}],"wp:attachment":[{"href":"https:\/\/www.egemtv.com\/index.php?rest_route=%2Fwp%2Fv2%2Fmedia&parent=53223"}],"wp:term":[{"taxonomy":"category","embeddable":true,"href":"https:\/\/www.egemtv.com\/index.php?rest_route=%2Fwp%2Fv2%2Fcategories&post=53223"},{"taxonomy":"post_tag","embeddable":true,"href":"https:\/\/www.egemtv.com\/index.php?rest_route=%2Fwp%2Fv2%2Ftags&post=53223"}],"curies":[{"name":"wp","href":"https:\/\/api.w.org\/{rel}","templated":true}]}}