{"id":53220,"date":"2025-09-07T13:34:59","date_gmt":"2025-09-07T10:34:59","guid":{"rendered":"https:\/\/www.egemtv.com\/?p=53220"},"modified":"2025-09-07T13:35:00","modified_gmt":"2025-09-07T10:35:00","slug":"sanayi-sitesindeki-yanginda-7-is-yeri-ve-3-arac-yandi","status":"publish","type":"post","link":"https:\/\/www.egemtv.com\/?p=53220","title":{"rendered":"Sanayi sitesindeki yang\u0131nda 7 i\u015f yeri ve 3 ara\u00e7 yand\u0131"},"content":{"rendered":"<p>\u0130zmir\u2019in Kemalpa\u015fa il\u00e7esine ba\u011fl\u0131 Ba\u011fyurdu Sanayi Sitesi\u2019nde bulunan bir oto tamircide \u00e7\u0131kan yang\u0131nda 7 i\u015f yeri ve 3 ara\u00e7 yanarak kullan\u0131lamaz hale geldi.<br \/>\n<br \/>\u0130zmir\u2019in Kemalpa\u015fa il\u00e7esine ba\u011fl\u0131 Ba\u011fyurdu Sanayi Sitesi\u2019nde bulunan bir oto tamircide d\u00fcn ak\u015fam 22.30 s\u0131ralar\u0131nda yang\u0131n \u00e7\u0131kt\u0131. H\u0131zla b\u00fcy\u00fcyen alevler yay\u0131larak, civarda bulunan i\u015f yeri ve ara\u00e7lara s\u0131\u00e7rad\u0131. \u0130hbar \u00fczerine 8 ara\u00e7 25 personel ile olay yerine sevk edilen B\u00fcy\u00fck\u015fehir Belediyesi itfaiye ekipleri, yang\u0131n\u0131 yakla\u015f\u0131k bir bu\u00e7uk saat s\u00fcren \u00e7al\u0131\u015fmalar sonucu kontrol alt\u0131na ald\u0131. Olayda can kayb\u0131 ya da yaralanma ya\u015fanmazken sanayi sitesindeki 7 i\u015f yeri ve 3 ara\u00e7 kullan\u0131lamaz hale geldi.<br \/><\/p>\n","protected":false},"excerpt":{"rendered":"<p>\u0130zmir\u2019in Kemalpa\u015fa il\u00e7esine ba\u011fl\u0131 Ba\u011fyurdu Sanayi Sitesi\u2019nde bulunan bir oto tamircide \u00e7\u0131kan yang\u0131nda 7 i\u015f yeri ve 3 ara\u00e7 yanarak kullan\u0131lamaz hale geldi. \u0130zmir\u2019in Kemalpa\u015fa il\u00e7esine ba\u011fl\u0131 Ba\u011fyurdu Sanayi Sitesi\u2019nde bulunan bir oto tamircide d\u00fcn ak\u015fam 22.30 s\u0131ralar\u0131nda yang\u0131n \u00e7\u0131kt\u0131. H\u0131zla b\u00fcy\u00fcyen alevler yay\u0131larak, civarda bulunan i\u015f yeri ve ara\u00e7lara s\u0131\u00e7rad\u0131. \u0130hbar \u00fczerine 8 ara\u00e7&#8230;<\/p>\n","protected":false},"author":1,"featured_media":53221,"comment_status":"open","ping_status":"open","sticky":false,"template":"","format":"standard","meta":{"_crdt_document":"","footnotes":""},"categories":[5],"tags":[],"class_list":["post-53220","post","type-post","status-publish","format-standard","has-post-thumbnail","hentry","category-asayis"],"_links":{"self":[{"href":"https:\/\/www.egemtv.com\/index.php?rest_route=\/wp\/v2\/posts\/53220","targetHints":{"allow":["GET"]}}],"collection":[{"href":"https:\/\/www.egemtv.com\/index.php?rest_route=\/wp\/v2\/posts"}],"about":[{"href":"https:\/\/www.egemtv.com\/index.php?rest_route=\/wp\/v2\/types\/post"}],"author":[{"embeddable":true,"href":"https:\/\/www.egemtv.com\/index.php?rest_route=\/wp\/v2\/users\/1"}],"replies":[{"embeddable":true,"href":"https:\/\/www.egemtv.com\/index.php?rest_route=%2Fwp%2Fv2%2Fcomments&post=53220"}],"version-history":[{"count":1,"href":"https:\/\/www.egemtv.com\/index.php?rest_route=\/wp\/v2\/posts\/53220\/revisions"}],"predecessor-version":[{"id":53222,"href":"https:\/\/www.egemtv.com\/index.php?rest_route=\/wp\/v2\/posts\/53220\/revisions\/53222"}],"wp:featuredmedia":[{"embeddable":true,"href":"https:\/\/www.egemtv.com\/index.php?rest_route=\/wp\/v2\/media\/53221"}],"wp:attachment":[{"href":"https:\/\/www.egemtv.com\/index.php?rest_route=%2Fwp%2Fv2%2Fmedia&parent=53220"}],"wp:term":[{"taxonomy":"category","embeddable":true,"href":"https:\/\/www.egemtv.com\/index.php?rest_route=%2Fwp%2Fv2%2Fcategories&post=53220"},{"taxonomy":"post_tag","embeddable":true,"href":"https:\/\/www.egemtv.com\/index.php?rest_route=%2Fwp%2Fv2%2Ftags&post=53220"}],"curies":[{"name":"wp","href":"https:\/\/api.w.org\/{rel}","templated":true}]}}