{"id":53217,"date":"2025-09-07T13:15:17","date_gmt":"2025-09-07T10:15:17","guid":{"rendered":"https:\/\/www.egemtv.com\/?p=53217"},"modified":"2025-09-07T13:15:18","modified_gmt":"2025-09-07T10:15:18","slug":"orman-bolge-muduru-kole-buldan-yanginiyla-mucadele-ederken-yaralanan-personeli-ziyaret-etti","status":"publish","type":"post","link":"https:\/\/www.egemtv.com\/?p=53217","title":{"rendered":"Orman B\u00f6lge M\u00fcd\u00fcr\u00fc K\u00f6le, Buldan yang\u0131n\u0131yla m\u00fccadele ederken yaralanan personeli ziyaret etti"},"content":{"rendered":"<p>Denizli\u2019nin Buldan il\u00e7esinde meydana gelen yang\u0131nla m\u00fccadele ederken yaralanan Orman genel M\u00fcd\u00fcrl\u00fc\u011f\u00fc personellerine B\u00f6lge M\u00fcd\u00fcr\u00fc Ahmet K\u00f6le ge\u00e7mi\u015f olsun ziyaretinde bulundu.<br \/>\n<br \/>Denizli\u2019nin Buldan il\u00e7esinde meydana gelen ve 6 g\u00fcn s\u00fcren yang\u0131nla m\u00fccadele s\u0131ras\u0131nda 4 Orman Genel M\u00fcd\u00fcrl\u00fc\u011f\u00fc personeli yaraland\u0131. Ye\u015fil vatan\u0131 korumak i\u00e7in cansiperane m\u00fccadele ederken yaralanan Yavuz Afacan, Samet Sert, Mert Cabaro\u011flu ve Burak Pehlivano\u011flu\u2019nu Denizli Orman B\u00f6lge M\u00fcd\u00fcr\u00fc Ahmet K\u00f6le yaln\u0131z b\u0131rakmad\u0131. B\u00f6lge M\u00fcd\u00fcr\u00fc Ahmet K\u00f6le yang\u0131nda yaralanan 4 personele g\u00f6sterdikleri kahramanl\u0131k ve m\u00fccadeleden dolay\u0131 te\u015fekk\u00fcr ve ge\u00e7mi\u015f olsun ziyaretinde bulundu.<br \/>\n<br \/>Kahraman personele ge\u00e7mi\u015f olsun ziyaretinde bulunan B\u00f6lge M\u00fcd\u00fcr\u00fc K\u00f6le sosyal medya \u00fczerinden yapt\u0131\u011f\u0131 payla\u015f\u0131mda, &#8221; K\u00f6le Buldan il\u00e7esinde \u00e7\u0131kan orman yang\u0131n\u0131nda zor arazi \u015fartlar\u0131nda cansiperane \u015fekilde m\u00fcdahale ederken ve so\u011futma \u00e7al\u0131\u015fmalar\u0131 s\u0131ras\u0131nda yaralanan ye\u015fil vatan\u0131n kahraman savunucular\u0131ndan de\u011ferli mesai arkada\u015f\u0131m\u0131zlar\u0131m\u0131z Yavuz Afacan, Samet Sert, Mert Cabaro\u011flu ve Burak Pehlivano\u011flu\u2019nu ziyaret ederek ge\u00e7mi\u015f olsun dileklerini ilettik. Yang\u0131nda verdikleri m\u00fccadeleden dolay\u0131 mesai arkada\u015f\u0131m\u0131zlar\u0131m\u0131za ve g\u0131yab\u0131nda t\u00fcm eme\u011fi ge\u00e7enlere te\u015fekk\u00fcr ederim&#8221; ifadelerine yer verdi.<br \/><\/p>\n","protected":false},"excerpt":{"rendered":"<p>Denizli\u2019nin Buldan il\u00e7esinde meydana gelen yang\u0131nla m\u00fccadele ederken yaralanan Orman genel M\u00fcd\u00fcrl\u00fc\u011f\u00fc personellerine B\u00f6lge M\u00fcd\u00fcr\u00fc Ahmet K\u00f6le ge\u00e7mi\u015f olsun ziyaretinde bulundu. Denizli\u2019nin Buldan il\u00e7esinde meydana gelen ve 6 g\u00fcn s\u00fcren yang\u0131nla m\u00fccadele s\u0131ras\u0131nda 4 Orman Genel M\u00fcd\u00fcrl\u00fc\u011f\u00fc personeli yaraland\u0131. Ye\u015fil vatan\u0131 korumak i\u00e7in cansiperane m\u00fccadele ederken yaralanan Yavuz Afacan, Samet Sert, Mert Cabaro\u011flu ve Burak&#8230;<\/p>\n","protected":false},"author":1,"featured_media":53218,"comment_status":"open","ping_status":"open","sticky":false,"template":"","format":"standard","meta":{"_crdt_document":"","footnotes":""},"categories":[123],"tags":[],"class_list":["post-53217","post","type-post","status-publish","format-standard","has-post-thumbnail","hentry","category-gundem"],"_links":{"self":[{"href":"https:\/\/www.egemtv.com\/index.php?rest_route=\/wp\/v2\/posts\/53217","targetHints":{"allow":["GET"]}}],"collection":[{"href":"https:\/\/www.egemtv.com\/index.php?rest_route=\/wp\/v2\/posts"}],"about":[{"href":"https:\/\/www.egemtv.com\/index.php?rest_route=\/wp\/v2\/types\/post"}],"author":[{"embeddable":true,"href":"https:\/\/www.egemtv.com\/index.php?rest_route=\/wp\/v2\/users\/1"}],"replies":[{"embeddable":true,"href":"https:\/\/www.egemtv.com\/index.php?rest_route=%2Fwp%2Fv2%2Fcomments&post=53217"}],"version-history":[{"count":1,"href":"https:\/\/www.egemtv.com\/index.php?rest_route=\/wp\/v2\/posts\/53217\/revisions"}],"predecessor-version":[{"id":53219,"href":"https:\/\/www.egemtv.com\/index.php?rest_route=\/wp\/v2\/posts\/53217\/revisions\/53219"}],"wp:featuredmedia":[{"embeddable":true,"href":"https:\/\/www.egemtv.com\/index.php?rest_route=\/wp\/v2\/media\/53218"}],"wp:attachment":[{"href":"https:\/\/www.egemtv.com\/index.php?rest_route=%2Fwp%2Fv2%2Fmedia&parent=53217"}],"wp:term":[{"taxonomy":"category","embeddable":true,"href":"https:\/\/www.egemtv.com\/index.php?rest_route=%2Fwp%2Fv2%2Fcategories&post=53217"},{"taxonomy":"post_tag","embeddable":true,"href":"https:\/\/www.egemtv.com\/index.php?rest_route=%2Fwp%2Fv2%2Ftags&post=53217"}],"curies":[{"name":"wp","href":"https:\/\/api.w.org\/{rel}","templated":true}]}}