{"id":53214,"date":"2025-09-07T13:15:16","date_gmt":"2025-09-07T10:15:16","guid":{"rendered":"https:\/\/www.egemtv.com\/?p=53214"},"modified":"2025-09-07T13:15:17","modified_gmt":"2025-09-07T10:15:17","slug":"balikesirdeki-deprem-izmirde-de-hissedildi","status":"publish","type":"post","link":"https:\/\/www.egemtv.com\/?p=53214","title":{"rendered":"Bal\u0131kesir\u2019deki deprem \u0130zmir\u2019de de hissedildi"},"content":{"rendered":"<p>Bal\u0131kesir\u2019in S\u0131nd\u0131rg\u0131 il\u00e7esinde meydana gelen 4.9 b\u00fcy\u00fckl\u00fc\u011f\u00fcndeki deprem, \u0130zmir ve \u00e7evre illerde de \u015fiddetli \u015fekilde hissedildi.<br \/>\n<br \/>AFAD\u2019\u0131n payla\u015ft\u0131\u011f\u0131 bilgilere g\u00f6re Bal\u0131kesir\u2019in S\u0131nd\u0131rg\u0131 il\u00e7esinde saat 12.35\u2019te 4.9 b\u00fcy\u00fckl\u00fc\u011f\u00fcnde deprem meydana geldi. Depremin derinli\u011fi ise 7.72 kilometre olarak kaydedildi. Deprem \u0130zmir dahil bir\u00e7ok ilde hissedildi.<br \/><\/p>\n","protected":false},"excerpt":{"rendered":"<p>Bal\u0131kesir\u2019in S\u0131nd\u0131rg\u0131 il\u00e7esinde meydana gelen 4.9 b\u00fcy\u00fckl\u00fc\u011f\u00fcndeki deprem, \u0130zmir ve \u00e7evre illerde de \u015fiddetli \u015fekilde hissedildi. AFAD\u2019\u0131n payla\u015ft\u0131\u011f\u0131 bilgilere g\u00f6re Bal\u0131kesir\u2019in S\u0131nd\u0131rg\u0131 il\u00e7esinde saat 12.35\u2019te 4.9 b\u00fcy\u00fckl\u00fc\u011f\u00fcnde deprem meydana geldi. Depremin derinli\u011fi ise 7.72 kilometre olarak kaydedildi. Deprem \u0130zmir dahil bir\u00e7ok ilde hissedildi.<\/p>\n","protected":false},"author":1,"featured_media":53215,"comment_status":"open","ping_status":"open","sticky":false,"template":"","format":"standard","meta":{"_crdt_document":"","footnotes":""},"categories":[5],"tags":[],"class_list":["post-53214","post","type-post","status-publish","format-standard","has-post-thumbnail","hentry","category-asayis"],"_links":{"self":[{"href":"https:\/\/www.egemtv.com\/index.php?rest_route=\/wp\/v2\/posts\/53214","targetHints":{"allow":["GET"]}}],"collection":[{"href":"https:\/\/www.egemtv.com\/index.php?rest_route=\/wp\/v2\/posts"}],"about":[{"href":"https:\/\/www.egemtv.com\/index.php?rest_route=\/wp\/v2\/types\/post"}],"author":[{"embeddable":true,"href":"https:\/\/www.egemtv.com\/index.php?rest_route=\/wp\/v2\/users\/1"}],"replies":[{"embeddable":true,"href":"https:\/\/www.egemtv.com\/index.php?rest_route=%2Fwp%2Fv2%2Fcomments&post=53214"}],"version-history":[{"count":1,"href":"https:\/\/www.egemtv.com\/index.php?rest_route=\/wp\/v2\/posts\/53214\/revisions"}],"predecessor-version":[{"id":53216,"href":"https:\/\/www.egemtv.com\/index.php?rest_route=\/wp\/v2\/posts\/53214\/revisions\/53216"}],"wp:featuredmedia":[{"embeddable":true,"href":"https:\/\/www.egemtv.com\/index.php?rest_route=\/wp\/v2\/media\/53215"}],"wp:attachment":[{"href":"https:\/\/www.egemtv.com\/index.php?rest_route=%2Fwp%2Fv2%2Fmedia&parent=53214"}],"wp:term":[{"taxonomy":"category","embeddable":true,"href":"https:\/\/www.egemtv.com\/index.php?rest_route=%2Fwp%2Fv2%2Fcategories&post=53214"},{"taxonomy":"post_tag","embeddable":true,"href":"https:\/\/www.egemtv.com\/index.php?rest_route=%2Fwp%2Fv2%2Ftags&post=53214"}],"curies":[{"name":"wp","href":"https:\/\/api.w.org\/{rel}","templated":true}]}}