{"id":53211,"date":"2025-09-07T12:55:02","date_gmt":"2025-09-07T09:55:02","guid":{"rendered":"https:\/\/www.egemtv.com\/?p=53211"},"modified":"2025-09-07T12:55:03","modified_gmt":"2025-09-07T09:55:03","slug":"sosyal-medyadan-valiye-kufur-ve-hakaret-eden-sahis-yakalandi","status":"publish","type":"post","link":"https:\/\/www.egemtv.com\/?p=53211","title":{"rendered":"Sosyal medyadan valiye k\u00fcf\u00fcr ve hakaret eden \u015fah\u0131s yakaland\u0131"},"content":{"rendered":"<p>Afyonkarahisar Valisi Do\u00e7. Dr. K\u00fcbra G\u00fcran Yi\u011fitba\u015f\u0131\u2019n\u0131n sokak hayvanlar\u0131 ile ilgili sosyal medya a\u00e7\u0131klamas\u0131n\u0131 al\u0131nt\u0131layarak k\u00fcf\u00fcr ve hakaret i\u00e7erikli payla\u015f\u0131m yapan \u015fah\u0131s polis taraf\u0131ndan Antalya\u2019da yakalanarak g\u00f6zalt\u0131na al\u0131nd\u0131.<br \/>\n<br \/>Edinilen bilgilere g\u00f6re, Sedret \u00c7. isimli \u015fah\u0131s X hesab\u0131 \u00fczerinden &#8220;Valilikten tepki \u00e7eken karar! Sahipsiz hayvanlar\u0131n beslenmeleri yasakland\u0131&#8221; ba\u015fl\u0131kl\u0131 haberi al\u0131nt\u0131layarak Vali Yi\u011fitba\u015f\u0131\u2019n\u0131n \u015fahs\u0131 hakk\u0131nda k\u00fcf\u00fcr ve hakaret i\u00e7erikli payla\u015f\u0131m yapt\u0131. Payla\u015f\u0131m\u0131n ard\u0131ndan Afyonkarahisar \u0130l Emniyet M\u00fcd\u00fcrl\u00fc\u011f\u00fcne ba\u011fl\u0131 Siber Su\u00e7larla M\u00fccadele \u015eube M\u00fcd\u00fcrl\u00fc\u011f\u00fc ekipleri harekete ge\u00e7ti. \u015eah\u0131s payla\u015f\u0131mdan birka\u00e7 saat sonra ekiplerin takibi ile Antalya\u2019da yakaland\u0131. Sedret \u00c7., emniyetteki i\u015flemlerinin ard\u0131ndan adliyeye sevk edildi.<br \/><\/p>\n","protected":false},"excerpt":{"rendered":"<p>Afyonkarahisar Valisi Do\u00e7. Dr. K\u00fcbra G\u00fcran Yi\u011fitba\u015f\u0131\u2019n\u0131n sokak hayvanlar\u0131 ile ilgili sosyal medya a\u00e7\u0131klamas\u0131n\u0131 al\u0131nt\u0131layarak k\u00fcf\u00fcr ve hakaret i\u00e7erikli payla\u015f\u0131m yapan \u015fah\u0131s polis taraf\u0131ndan Antalya\u2019da yakalanarak g\u00f6zalt\u0131na al\u0131nd\u0131. Edinilen bilgilere g\u00f6re, Sedret \u00c7. isimli \u015fah\u0131s X hesab\u0131 \u00fczerinden &#8220;Valilikten tepki \u00e7eken karar! Sahipsiz hayvanlar\u0131n beslenmeleri yasakland\u0131&#8221; ba\u015fl\u0131kl\u0131 haberi al\u0131nt\u0131layarak Vali Yi\u011fitba\u015f\u0131\u2019n\u0131n \u015fahs\u0131 hakk\u0131nda k\u00fcf\u00fcr ve&#8230;<\/p>\n","protected":false},"author":1,"featured_media":53212,"comment_status":"open","ping_status":"open","sticky":false,"template":"","format":"standard","meta":{"_crdt_document":"","footnotes":""},"categories":[5],"tags":[],"class_list":["post-53211","post","type-post","status-publish","format-standard","has-post-thumbnail","hentry","category-asayis"],"_links":{"self":[{"href":"https:\/\/www.egemtv.com\/index.php?rest_route=\/wp\/v2\/posts\/53211","targetHints":{"allow":["GET"]}}],"collection":[{"href":"https:\/\/www.egemtv.com\/index.php?rest_route=\/wp\/v2\/posts"}],"about":[{"href":"https:\/\/www.egemtv.com\/index.php?rest_route=\/wp\/v2\/types\/post"}],"author":[{"embeddable":true,"href":"https:\/\/www.egemtv.com\/index.php?rest_route=\/wp\/v2\/users\/1"}],"replies":[{"embeddable":true,"href":"https:\/\/www.egemtv.com\/index.php?rest_route=%2Fwp%2Fv2%2Fcomments&post=53211"}],"version-history":[{"count":1,"href":"https:\/\/www.egemtv.com\/index.php?rest_route=\/wp\/v2\/posts\/53211\/revisions"}],"predecessor-version":[{"id":53213,"href":"https:\/\/www.egemtv.com\/index.php?rest_route=\/wp\/v2\/posts\/53211\/revisions\/53213"}],"wp:featuredmedia":[{"embeddable":true,"href":"https:\/\/www.egemtv.com\/index.php?rest_route=\/wp\/v2\/media\/53212"}],"wp:attachment":[{"href":"https:\/\/www.egemtv.com\/index.php?rest_route=%2Fwp%2Fv2%2Fmedia&parent=53211"}],"wp:term":[{"taxonomy":"category","embeddable":true,"href":"https:\/\/www.egemtv.com\/index.php?rest_route=%2Fwp%2Fv2%2Fcategories&post=53211"},{"taxonomy":"post_tag","embeddable":true,"href":"https:\/\/www.egemtv.com\/index.php?rest_route=%2Fwp%2Fv2%2Ftags&post=53211"}],"curies":[{"name":"wp","href":"https:\/\/api.w.org\/{rel}","templated":true}]}}