{"id":53208,"date":"2025-09-07T12:55:00","date_gmt":"2025-09-07T09:55:00","guid":{"rendered":"https:\/\/www.egemtv.com\/?p=53208"},"modified":"2025-09-07T12:55:02","modified_gmt":"2025-09-07T09:55:02","slug":"menemende-festival-heyecani-suruyor","status":"publish","type":"post","link":"https:\/\/www.egemtv.com\/?p=53208","title":{"rendered":"Menemen\u2019de festival heyecan\u0131 s\u00fcr\u00fcyor"},"content":{"rendered":"<p>Menemen Belediyesi taraf\u0131ndan ger\u00e7ekle\u015ftirilen 4. Uluslararas\u0131 Menemen \u00c7\u00f6mlek Festivali, dolu dolu bir etkinlik program\u0131 ve vatanda\u015flar\u0131n yo\u011fun ilgisiyle ger\u00e7ekle\u015ftiriliyor. Festivalin ikinci g\u00fcn\u00fcnde ba\u015flayan H\u00fcnerli Eller \u00c7\u00f6mlek Yar\u0131\u015fmas\u0131, \u00e7\u00f6mle\u011fin ustalar\u0131n\u0131 bulu\u015fturdu.<br \/>\n<br \/>Kendi alan\u0131nda d\u00fcnyan\u0131n en b\u00fcy\u00fc\u011f\u00fc olan Uluslararas\u0131 Menemen \u00c7\u00f6mlek Festivali, T\u00fcrkiye\u2019nin ve D\u00fcnya\u2019n\u0131n d\u00f6rt bir yan\u0131ndan \u00e7\u00f6mle\u011fe g\u00f6n\u00fcl vermi\u015f sanat\u00e7\u0131 ve ustalarla birlikte, \u00e7\u00f6mlek merakl\u0131lar\u0131 ve vatanda\u015flar\u0131 Menemen\u2019de bulu\u015fturuyor. Menemen \u015eehir Park\u0131\u2019nda ger\u00e7ekle\u015ftirilen \u00fc\u00e7 g\u00fcnl\u00fck festival maratonunun ikinci g\u00fcn\u00fc de park\u0131n her k\u00f6\u015fesinde e\u015f zamanl\u0131 programlar ve ziyaret\u00e7i ak\u0131n\u0131yla ge\u00e7ti.<\/p>\n<p>Etkinliklere yo\u011fun ilgi<br \/>\n<br \/>Festivalin ikinci g\u00fcn\u00fc kapsam\u0131nda d\u00fczenlenen etkinlikler, sabah 09:30\u2019da H\u00fcnerli Eller \u00c7\u00f6mlek Yar\u0131\u015fmas\u0131 ile ba\u015flarken, alternatif seramik pi\u015firim teknikleri, network etkinlikleri, \u00e7ocuk at\u00f6lyeleri ve m\u00fczik dinletileri, her ya\u015ftan insan\u0131n bulu\u015fma noktalar\u0131 olarak \u00f6ne \u00e7\u0131kt\u0131.  Festival kapsam\u0131nda d\u00fczenlenen workshop etkinliklerinde \u015eehnaz Tuncel taraf\u0131ndan tornada dekoratif obje ve bardak yap\u0131m\u0131, Reyaz Badaruddin taraf\u0131ndan kilde monoprint at\u00f6lyesi, Still44 taraf\u0131ndan mozaik sanat\u0131n\u0131n Menemen topra\u011f\u0131yla bulu\u015fmas\u0131, Ozan Bebek taraf\u0131ndan ak\u0131\u015f deseniyle seramik y\u00fczey uygulamas\u0131, Muhammad Hassan taraf\u0131ndan kil ile oyna, Yoshiko Uetama ve T\u00fclin \u00d6zyurt taraf\u0131ndan seramik fig\u00fcr \u015fekillendirme ve ka\u011f\u0131t transferinde dekor tekni\u011fi e\u011fitimleri verildi. Workshop etkinliklerinin her birinde kay\u0131tlar\u0131n etkinliklere saatler kala tamamlanmas\u0131, festivale ve workshoplara olan ilginin g\u00f6stergesi olarak de\u011ferlendirildi.<\/p>\n<p>Festival Sohbetleri ilgi toplad\u0131<br \/>\n<br \/>Festival kapsam\u0131nda mavi sahnede d\u00fczenlenen Festival Sohbetleri etkinli\u011findeyse ilk olarak Menemen\u2019in \u00e7\u00f6mlek ihracat\u00e7\u0131s\u0131 Argun Y\u00fcksel ve Menemen Belediyesi Ar-Ge Birim Sorumlusu Abdurrahman Tekin, festivalin d\u00fcn\u00fcn\u00fc ve bug\u00fcn\u00fcn\u00fc masaya yat\u0131r\u0131rken, ikinci festival sohbetinde ise ara\u015ft\u0131rmac\u0131 yazar Oktay \u00d6zengin, konu\u011fu Avukat Ahmet Uslu ile d\u00fcnden bug\u00fcne tu\u011flan\u0131n \u00f6yk\u00fcs\u00fc ba\u015fl\u0131kl\u0131 s\u00f6yle\u015fiyi ger\u00e7ekle\u015ftirdi. G\u00fcn\u00fcn son festival sohbetlerinde de Dr. \u00d6\u011fretim \u00dcyesi Can \u00d6zcan, Portekizli konuklar\u0131yla renkli bir s\u00f6yle\u015fiye imza att\u0131.<br \/><\/p>\n","protected":false},"excerpt":{"rendered":"<p>Menemen Belediyesi taraf\u0131ndan ger\u00e7ekle\u015ftirilen 4. Uluslararas\u0131 Menemen \u00c7\u00f6mlek Festivali, dolu dolu bir etkinlik program\u0131 ve vatanda\u015flar\u0131n yo\u011fun ilgisiyle ger\u00e7ekle\u015ftiriliyor. Festivalin ikinci g\u00fcn\u00fcnde ba\u015flayan H\u00fcnerli Eller \u00c7\u00f6mlek Yar\u0131\u015fmas\u0131, \u00e7\u00f6mle\u011fin ustalar\u0131n\u0131 bulu\u015fturdu. Kendi alan\u0131nda d\u00fcnyan\u0131n en b\u00fcy\u00fc\u011f\u00fc olan Uluslararas\u0131 Menemen \u00c7\u00f6mlek Festivali, T\u00fcrkiye\u2019nin ve D\u00fcnya\u2019n\u0131n d\u00f6rt bir yan\u0131ndan \u00e7\u00f6mle\u011fe g\u00f6n\u00fcl vermi\u015f sanat\u00e7\u0131 ve ustalarla birlikte, \u00e7\u00f6mlek merakl\u0131lar\u0131&#8230;<\/p>\n","protected":false},"author":1,"featured_media":53209,"comment_status":"open","ping_status":"open","sticky":false,"template":"","format":"standard","meta":{"_crdt_document":"","footnotes":""},"categories":[1],"tags":[],"class_list":["post-53208","post","type-post","status-publish","format-standard","has-post-thumbnail","hentry","category-guncel"],"_links":{"self":[{"href":"https:\/\/www.egemtv.com\/index.php?rest_route=\/wp\/v2\/posts\/53208","targetHints":{"allow":["GET"]}}],"collection":[{"href":"https:\/\/www.egemtv.com\/index.php?rest_route=\/wp\/v2\/posts"}],"about":[{"href":"https:\/\/www.egemtv.com\/index.php?rest_route=\/wp\/v2\/types\/post"}],"author":[{"embeddable":true,"href":"https:\/\/www.egemtv.com\/index.php?rest_route=\/wp\/v2\/users\/1"}],"replies":[{"embeddable":true,"href":"https:\/\/www.egemtv.com\/index.php?rest_route=%2Fwp%2Fv2%2Fcomments&post=53208"}],"version-history":[{"count":1,"href":"https:\/\/www.egemtv.com\/index.php?rest_route=\/wp\/v2\/posts\/53208\/revisions"}],"predecessor-version":[{"id":53210,"href":"https:\/\/www.egemtv.com\/index.php?rest_route=\/wp\/v2\/posts\/53208\/revisions\/53210"}],"wp:featuredmedia":[{"embeddable":true,"href":"https:\/\/www.egemtv.com\/index.php?rest_route=\/wp\/v2\/media\/53209"}],"wp:attachment":[{"href":"https:\/\/www.egemtv.com\/index.php?rest_route=%2Fwp%2Fv2%2Fmedia&parent=53208"}],"wp:term":[{"taxonomy":"category","embeddable":true,"href":"https:\/\/www.egemtv.com\/index.php?rest_route=%2Fwp%2Fv2%2Fcategories&post=53208"},{"taxonomy":"post_tag","embeddable":true,"href":"https:\/\/www.egemtv.com\/index.php?rest_route=%2Fwp%2Fv2%2Ftags&post=53208"}],"curies":[{"name":"wp","href":"https:\/\/api.w.org\/{rel}","templated":true}]}}