{"id":53205,"date":"2025-09-07T12:54:59","date_gmt":"2025-09-07T09:54:59","guid":{"rendered":"https:\/\/www.egemtv.com\/?p=53205"},"modified":"2025-09-07T12:55:00","modified_gmt":"2025-09-07T09:55:00","slug":"emx250-avrupa-motokros-sampiyonasi-final-2-yarislari-kazanani-belli-oldu","status":"publish","type":"post","link":"https:\/\/www.egemtv.com\/?p=53205","title":{"rendered":"EMX250 Avrupa Motokros \u015eampiyonas\u0131 final 2. yar\u0131\u015flar\u0131 kazanan\u0131 belli oldu"},"content":{"rendered":"<p>D\u00fcnya Motokros \u015eampiyonas\u0131 (MXGP of T\u00fcrkiye) ve EMX250 Avrupa Motokros \u015eampiyonas\u0131 final 2. yar\u0131\u015flar\u0131 tamamland\u0131.<br \/>\n<br \/>Afyonkarahisar\u2019da ger\u00e7ekle\u015ftirilen yar\u0131\u015flar k\u0131yas\u0131ya m\u00fccadele i\u00e7erisinde ge\u00e7ti. Yar\u0131\u015f sonucunda \u0130spanyol yar\u0131\u015f\u00e7\u0131 Garcia birinci oldu. Letonyal\u0131 sporculardan Reisulis ikinci, Janis Martins de yar\u0131\u015f\u0131 \u00fc\u00e7\u00fcnc\u00fc s\u0131rada tamamlad\u0131. Nefes nefese ge\u00e7en yar\u0131\u015flarda sporcular \u015fampiyonluk i\u00e7in b\u00fcy\u00fck m\u00fccadele sergiledi.<br \/><\/p>\n","protected":false},"excerpt":{"rendered":"<p>D\u00fcnya Motokros \u015eampiyonas\u0131 (MXGP of T\u00fcrkiye) ve EMX250 Avrupa Motokros \u015eampiyonas\u0131 final 2. yar\u0131\u015flar\u0131 tamamland\u0131. Afyonkarahisar\u2019da ger\u00e7ekle\u015ftirilen yar\u0131\u015flar k\u0131yas\u0131ya m\u00fccadele i\u00e7erisinde ge\u00e7ti. Yar\u0131\u015f sonucunda \u0130spanyol yar\u0131\u015f\u00e7\u0131 Garcia birinci oldu. Letonyal\u0131 sporculardan Reisulis ikinci, Janis Martins de yar\u0131\u015f\u0131 \u00fc\u00e7\u00fcnc\u00fc s\u0131rada tamamlad\u0131. Nefes nefese ge\u00e7en yar\u0131\u015flarda sporcular \u015fampiyonluk i\u00e7in b\u00fcy\u00fck m\u00fccadele sergiledi.<\/p>\n","protected":false},"author":1,"featured_media":53206,"comment_status":"open","ping_status":"open","sticky":false,"template":"","format":"standard","meta":{"_crdt_document":"","footnotes":""},"categories":[4],"tags":[],"class_list":["post-53205","post","type-post","status-publish","format-standard","has-post-thumbnail","hentry","category-spor"],"_links":{"self":[{"href":"https:\/\/www.egemtv.com\/index.php?rest_route=\/wp\/v2\/posts\/53205","targetHints":{"allow":["GET"]}}],"collection":[{"href":"https:\/\/www.egemtv.com\/index.php?rest_route=\/wp\/v2\/posts"}],"about":[{"href":"https:\/\/www.egemtv.com\/index.php?rest_route=\/wp\/v2\/types\/post"}],"author":[{"embeddable":true,"href":"https:\/\/www.egemtv.com\/index.php?rest_route=\/wp\/v2\/users\/1"}],"replies":[{"embeddable":true,"href":"https:\/\/www.egemtv.com\/index.php?rest_route=%2Fwp%2Fv2%2Fcomments&post=53205"}],"version-history":[{"count":1,"href":"https:\/\/www.egemtv.com\/index.php?rest_route=\/wp\/v2\/posts\/53205\/revisions"}],"predecessor-version":[{"id":53207,"href":"https:\/\/www.egemtv.com\/index.php?rest_route=\/wp\/v2\/posts\/53205\/revisions\/53207"}],"wp:featuredmedia":[{"embeddable":true,"href":"https:\/\/www.egemtv.com\/index.php?rest_route=\/wp\/v2\/media\/53206"}],"wp:attachment":[{"href":"https:\/\/www.egemtv.com\/index.php?rest_route=%2Fwp%2Fv2%2Fmedia&parent=53205"}],"wp:term":[{"taxonomy":"category","embeddable":true,"href":"https:\/\/www.egemtv.com\/index.php?rest_route=%2Fwp%2Fv2%2Fcategories&post=53205"},{"taxonomy":"post_tag","embeddable":true,"href":"https:\/\/www.egemtv.com\/index.php?rest_route=%2Fwp%2Fv2%2Ftags&post=53205"}],"curies":[{"name":"wp","href":"https:\/\/api.w.org\/{rel}","templated":true}]}}