{"id":53202,"date":"2025-09-07T12:36:45","date_gmt":"2025-09-07T09:36:45","guid":{"rendered":"https:\/\/www.egemtv.com\/?p=53202"},"modified":"2025-09-07T12:36:46","modified_gmt":"2025-09-07T09:36:46","slug":"sokede-kurtulus-gunu-coskusu-buray-konseriyle-taclandi","status":"publish","type":"post","link":"https:\/\/www.egemtv.com\/?p=53202","title":{"rendered":"S\u00f6ke\u2019de kurtulu\u015f g\u00fcn\u00fc co\u015fkusu Buray konseriyle ta\u00e7land\u0131"},"content":{"rendered":"<p>Ayd\u0131n B\u00fcy\u00fck\u015fehir Belediyesi\u2019nin Ayd\u0131n\u2019\u0131n d\u00fc\u015fman i\u015fgalinden kurtulu\u015funun 103. y\u0131l d\u00f6n\u00fcm\u00fc dolay\u0131s\u0131yla d\u00fczenledi\u011fi etkinlikler S\u00f6ke\u2019de devam etti. Cumhuriyet Meydan\u0131\u2019n\u0131 dolduran binlerce vatanda\u015f, ellerinde T\u00fcrk bayraklar\u0131yla kurtulu\u015fun gururunu ve co\u015fkusunu ya\u015fad\u0131.<\/p>\n<p>Sevilen sanat\u00e7\u0131 Buray\u2019\u0131n sahne ald\u0131\u011f\u0131 gecede vatanda\u015flar \u015fark\u0131lara hep bir a\u011f\u0131zdan e\u015flik etti, S\u00f6ke\u2019de unutulmaz bir kutlama ger\u00e7ekle\u015ftirildi. Vatanda\u015flar\u0131n yo\u011fun ilgi g\u00f6sterdi\u011fi etkinlikte konu\u015fma yapan S\u00f6ke Belediye Ba\u015fkan\u0131 Mustafa \u0130berya Ar\u0131kan, desteklerinden dolay\u0131 Ayd\u0131n B\u00fcy\u00fck\u015fehir Belediye Ba\u015fkan\u0131 \u00d6zlem \u00c7er\u00e7io\u011flu\u2019na te\u015fekk\u00fcr etti. Ayd\u0131n B\u00fcy\u00fck\u015fehir Belediyesi\u2019nin d\u00fczenledi\u011fi kurtulu\u015f etkinlikleri 7 Eyl\u00fcl Pazar g\u00fcn\u00fc saat 21.30\u2019da Efeler il\u00e7esi Atat\u00fcrk Kent Meydan\u0131\u2019nda Sefo konseriyle devam edecek.<br \/><\/p>\n","protected":false},"excerpt":{"rendered":"<p>Ayd\u0131n B\u00fcy\u00fck\u015fehir Belediyesi\u2019nin Ayd\u0131n\u2019\u0131n d\u00fc\u015fman i\u015fgalinden kurtulu\u015funun 103. y\u0131l d\u00f6n\u00fcm\u00fc dolay\u0131s\u0131yla d\u00fczenledi\u011fi etkinlikler S\u00f6ke\u2019de devam etti. Cumhuriyet Meydan\u0131\u2019n\u0131 dolduran binlerce vatanda\u015f, ellerinde T\u00fcrk bayraklar\u0131yla kurtulu\u015fun gururunu ve co\u015fkusunu ya\u015fad\u0131. Sevilen sanat\u00e7\u0131 Buray\u2019\u0131n sahne ald\u0131\u011f\u0131 gecede vatanda\u015flar \u015fark\u0131lara hep bir a\u011f\u0131zdan e\u015flik etti, S\u00f6ke\u2019de unutulmaz bir kutlama ger\u00e7ekle\u015ftirildi. Vatanda\u015flar\u0131n yo\u011fun ilgi g\u00f6sterdi\u011fi etkinlikte konu\u015fma yapan S\u00f6ke&#8230;<\/p>\n","protected":false},"author":1,"featured_media":53203,"comment_status":"open","ping_status":"open","sticky":false,"template":"","format":"standard","meta":{"_crdt_document":"","footnotes":""},"categories":[1],"tags":[],"class_list":["post-53202","post","type-post","status-publish","format-standard","has-post-thumbnail","hentry","category-guncel"],"_links":{"self":[{"href":"https:\/\/www.egemtv.com\/index.php?rest_route=\/wp\/v2\/posts\/53202","targetHints":{"allow":["GET"]}}],"collection":[{"href":"https:\/\/www.egemtv.com\/index.php?rest_route=\/wp\/v2\/posts"}],"about":[{"href":"https:\/\/www.egemtv.com\/index.php?rest_route=\/wp\/v2\/types\/post"}],"author":[{"embeddable":true,"href":"https:\/\/www.egemtv.com\/index.php?rest_route=\/wp\/v2\/users\/1"}],"replies":[{"embeddable":true,"href":"https:\/\/www.egemtv.com\/index.php?rest_route=%2Fwp%2Fv2%2Fcomments&post=53202"}],"version-history":[{"count":1,"href":"https:\/\/www.egemtv.com\/index.php?rest_route=\/wp\/v2\/posts\/53202\/revisions"}],"predecessor-version":[{"id":53204,"href":"https:\/\/www.egemtv.com\/index.php?rest_route=\/wp\/v2\/posts\/53202\/revisions\/53204"}],"wp:featuredmedia":[{"embeddable":true,"href":"https:\/\/www.egemtv.com\/index.php?rest_route=\/wp\/v2\/media\/53203"}],"wp:attachment":[{"href":"https:\/\/www.egemtv.com\/index.php?rest_route=%2Fwp%2Fv2%2Fmedia&parent=53202"}],"wp:term":[{"taxonomy":"category","embeddable":true,"href":"https:\/\/www.egemtv.com\/index.php?rest_route=%2Fwp%2Fv2%2Fcategories&post=53202"},{"taxonomy":"post_tag","embeddable":true,"href":"https:\/\/www.egemtv.com\/index.php?rest_route=%2Fwp%2Fv2%2Ftags&post=53202"}],"curies":[{"name":"wp","href":"https:\/\/api.w.org\/{rel}","templated":true}]}}