{"id":53199,"date":"2025-09-07T12:36:44","date_gmt":"2025-09-07T09:36:44","guid":{"rendered":"https:\/\/www.egemtv.com\/?p=53199"},"modified":"2025-09-07T12:36:45","modified_gmt":"2025-09-07T09:36:45","slug":"baglarin-herkulu-120-kilo-tasidi","status":"publish","type":"post","link":"https:\/\/www.egemtv.com\/?p=53199","title":{"rendered":"Ba\u011flar\u0131n Herk\u00fcl\u2019\u00fc 120 kilo ta\u015f\u0131d\u0131"},"content":{"rendered":"<p>Manisa\u2019n\u0131n Sar\u0131g\u00f6l Ovas\u0131\u2019nda \u00fcz\u00fcm hasad\u0131 s\u00fcrerken, i\u015f\u00e7iler aras\u0131nda g\u00fcc\u00fcyle dikkat \u00e7eken Mehmet Sa\u00e7an, s\u0131rt\u0131na alt\u0131 sele birden alarak yakla\u015f\u0131k 120 kilogram \u00fcz\u00fcm ta\u015f\u0131d\u0131. Sa\u00e7an, arkada\u015flar\u0131 taraf\u0131ndan &#8220;\u00dcz\u00fcm\u00fcn Herk\u00fcl\u2019\u00fc&#8221; olarak an\u0131l\u0131yor.<br \/>\n<br \/>Manisa\u2019n\u0131n Sar\u0131g\u00f6l Ovas\u0131\u2019nda \u00fcz\u00fcm hasad\u0131 t\u00fcm h\u0131z\u0131yla s\u00fcr\u00fcyor. Ba\u011flardan kesilen \u00fcz\u00fcmler kasalara doldurularak kamyonlara ta\u015f\u0131n\u0131rken, kad\u0131n i\u015f\u00e7ilerin &#8220;Haydi \u00fcz\u00fcm kalmad\u0131&#8221; diye seslenmesi \u00fczerine gen\u00e7 i\u015f\u00e7iler i\u00e7leri \u00fcz\u00fcm doku seleleri s\u0131rtlayarak adeta yar\u0131\u015f edercesine kamyonlar\u0131n yan\u0131na ko\u015fuyor.<br \/>\n<br \/>Normal \u015fartlarda iki sele ta\u015f\u0131yan i\u015f\u00e7iler, acil durumlarda y\u00fcklerini art\u0131r\u0131yor. S\u0131rt\u0131na alt\u0131 sele birden alarak yakla\u015f\u0131k 120 kilogram \u00fcz\u00fcm ta\u015f\u0131yan Mehmet Sa\u00e7an, arkada\u015flar\u0131 taraf\u0131ndan &#8220;\u00dcz\u00fcm Herk\u00fcl\u2019\u00fc&#8221; lakab\u0131yla an\u0131lmaya ba\u015fland\u0131.<br \/>\n<br \/>Mehmet Sa\u00e7an, yapt\u0131\u011f\u0131 a\u00e7\u0131klamada, &#8220;Biz genelde iki sele ile \u00fcz\u00fcm ta\u015f\u0131r\u0131z. Ancak kamyonun yan\u0131nda \u00fcz\u00fcm kalmay\u0131nca bazen d\u00f6rt ya da alt\u0131 sele ta\u015f\u0131mak zorunda kal\u0131yoruz&#8221; dedi.<br \/><\/p>\n","protected":false},"excerpt":{"rendered":"<p>Manisa\u2019n\u0131n Sar\u0131g\u00f6l Ovas\u0131\u2019nda \u00fcz\u00fcm hasad\u0131 s\u00fcrerken, i\u015f\u00e7iler aras\u0131nda g\u00fcc\u00fcyle dikkat \u00e7eken Mehmet Sa\u00e7an, s\u0131rt\u0131na alt\u0131 sele birden alarak yakla\u015f\u0131k 120 kilogram \u00fcz\u00fcm ta\u015f\u0131d\u0131. Sa\u00e7an, arkada\u015flar\u0131 taraf\u0131ndan &#8220;\u00dcz\u00fcm\u00fcn Herk\u00fcl\u2019\u00fc&#8221; olarak an\u0131l\u0131yor. Manisa\u2019n\u0131n Sar\u0131g\u00f6l Ovas\u0131\u2019nda \u00fcz\u00fcm hasad\u0131 t\u00fcm h\u0131z\u0131yla s\u00fcr\u00fcyor. Ba\u011flardan kesilen \u00fcz\u00fcmler kasalara doldurularak kamyonlara ta\u015f\u0131n\u0131rken, kad\u0131n i\u015f\u00e7ilerin &#8220;Haydi \u00fcz\u00fcm kalmad\u0131&#8221; diye seslenmesi \u00fczerine gen\u00e7 i\u015f\u00e7iler&#8230;<\/p>\n","protected":false},"author":1,"featured_media":53200,"comment_status":"open","ping_status":"open","sticky":false,"template":"","format":"standard","meta":{"_crdt_document":"","footnotes":""},"categories":[123],"tags":[],"class_list":["post-53199","post","type-post","status-publish","format-standard","has-post-thumbnail","hentry","category-gundem"],"_links":{"self":[{"href":"https:\/\/www.egemtv.com\/index.php?rest_route=\/wp\/v2\/posts\/53199","targetHints":{"allow":["GET"]}}],"collection":[{"href":"https:\/\/www.egemtv.com\/index.php?rest_route=\/wp\/v2\/posts"}],"about":[{"href":"https:\/\/www.egemtv.com\/index.php?rest_route=\/wp\/v2\/types\/post"}],"author":[{"embeddable":true,"href":"https:\/\/www.egemtv.com\/index.php?rest_route=\/wp\/v2\/users\/1"}],"replies":[{"embeddable":true,"href":"https:\/\/www.egemtv.com\/index.php?rest_route=%2Fwp%2Fv2%2Fcomments&post=53199"}],"version-history":[{"count":1,"href":"https:\/\/www.egemtv.com\/index.php?rest_route=\/wp\/v2\/posts\/53199\/revisions"}],"predecessor-version":[{"id":53201,"href":"https:\/\/www.egemtv.com\/index.php?rest_route=\/wp\/v2\/posts\/53199\/revisions\/53201"}],"wp:featuredmedia":[{"embeddable":true,"href":"https:\/\/www.egemtv.com\/index.php?rest_route=\/wp\/v2\/media\/53200"}],"wp:attachment":[{"href":"https:\/\/www.egemtv.com\/index.php?rest_route=%2Fwp%2Fv2%2Fmedia&parent=53199"}],"wp:term":[{"taxonomy":"category","embeddable":true,"href":"https:\/\/www.egemtv.com\/index.php?rest_route=%2Fwp%2Fv2%2Fcategories&post=53199"},{"taxonomy":"post_tag","embeddable":true,"href":"https:\/\/www.egemtv.com\/index.php?rest_route=%2Fwp%2Fv2%2Ftags&post=53199"}],"curies":[{"name":"wp","href":"https:\/\/api.w.org\/{rel}","templated":true}]}}