{"id":53196,"date":"2025-09-07T12:36:43","date_gmt":"2025-09-07T09:36:43","guid":{"rendered":"https:\/\/www.egemtv.com\/?p=53196"},"modified":"2025-09-07T12:36:44","modified_gmt":"2025-09-07T09:36:44","slug":"yazar-emine-ataman-kocun-imza-torenine-yogun-ilgi","status":"publish","type":"post","link":"https:\/\/www.egemtv.com\/?p=53196","title":{"rendered":"Yazar Emine Ataman Ko\u00e7\u2019un imza t\u00f6renine yo\u011fun ilgi"},"content":{"rendered":"<p>Manisa\u2019n\u0131n G\u00f6rdes il\u00e7esinde, G\u00f6rdes\u2019in kurtulu\u015funun 103. y\u0131l\u0131 etkinlikleri kapsam\u0131nda d\u00fczenlenen yazar Emine Ataman Ko\u00e7\u2019un imza t\u00f6reni b\u00fcy\u00fck ilgi g\u00f6rd\u00fc.<br \/>\n<br \/>G\u00f6rdesli yedi kad\u0131n\u0131n ger\u00e7ek hayat hik\u00e2yelerini konu alan &#8220;G\u00f6rdes\u2019in Kahraman K\u0131z\u0131 Makbule\u2019nin Torunlar\u0131&#8221; adl\u0131 kitab\u0131 i\u00e7in belediye \u00e7ay bah\u00e7esinde kurulan stantta okurlar\u0131yla bulu\u015fan Ko\u00e7, kitab\u0131n\u0131 imzalayarak sevenleriyle bol bol foto\u011fraf \u00e7ektirdi.<br \/>\n<br \/>Zorlu ya\u015fam hik\u00e2yesiyle dikkat \u00e7eken Emine Ataman Ko\u00e7, 29 ya\u015f\u0131nda ortaokula ba\u015flayarak e\u011fitimini tamamlad\u0131. Japoncaya olan ilgisiyle bu dili \u00f6\u011frenen Ko\u00e7, 34 ya\u015f\u0131nda T\u00fcrkiye\u2019nin ilk lisansl\u0131 Japonca terc\u00fcman\u0131 oldu. Japonya\u2019da da bulunarak rehberlik lisans\u0131 alan Ko\u00e7, yakla\u015f\u0131k 30 y\u0131l boyunca rehberlik yapt\u0131ktan sonra e\u015fiyle birlikte emekli olarak G\u00f6rdes\u2019e d\u00f6nd\u00fc.<br \/>\n<br \/>Hayat\u0131ndan kesitler payla\u015fan Ko\u00e7, &#8220;16 ya\u015f\u0131nda ni\u015fanland\u0131m, tarla i\u015fleriyle u\u011fra\u015ft\u0131m, hal\u0131 dokudum. 22 ya\u015f\u0131nda evlenip \u0130stanbul\u2019a geldikten sonra e\u011fitim hayat\u0131ma yeniden ba\u015flad\u0131m. Ortaokulu ve liseyi d\u0131\u015far\u0131dan bitirdim. Japoncay\u0131 b\u00fcy\u00fck bir merakla \u00f6\u011frendim ve y\u0131llarca rehberlik yapt\u0131m&#8221; dedi.<br \/>\n<br \/>G\u00f6rdes\u2019te Do\u011fa K\u00fclt\u00fcr Derne\u011fi\u2019ni kurarak ba\u015fkanl\u0131\u011f\u0131n\u0131 \u00fcstlenen Ko\u00e7, il\u00e7ede k\u00fclt\u00fcrel, sosyal ve \u00e7evresel etkinlikler d\u00fczenlediklerini s\u00f6yledi. Daha \u00f6nce &#8220;Japonlarla Tarihin \u0130zinde G\u00fcne\u015fin Pe\u015finde&#8221;, &#8220;G\u00f6rdes\u2019ten Tokyo\u2019ya&#8221;, &#8220;6 Bin D\u00fc\u011f\u00fcm Bir Yevmiye G\u00f6rdes&#8221;, &#8220;G\u00f6rdes Yemekleri&#8221; ve &#8220;K\u0131yafetlerin Diliyle G\u00f6rdes Gelinleri&#8221; adl\u0131 kitaplara da imza atan Ko\u00e7, ge\u00e7ti\u011fimiz y\u0131llarda K\u00fclt\u00fcr ve Turizm M\u00fcd\u00fcrl\u00fc\u011f\u00fc ile Manisa Valili\u011fi taraf\u0131ndan &#8220;\u015eehrin K\u00fclt\u00fcr Hazinesi&#8221; se\u00e7ilmi\u015fti.<br \/>\n<br \/>\u0130mza t\u00f6renine G\u00f6rdes Kaymakam\u0131 Sercan Sakarya, G\u00f6rdes Belediye Ba\u015fkan\u0131 \u0130brahim B\u00fcke, belediye meclis \u00fcyeleri, \u0130zmir G\u00f6rdesliler Derne\u011fi Y\u00f6netim Kurulu \u00fcyeleri, G\u00f6rdes Do\u011fa ve K\u00fclt\u00fcr Derne\u011fi y\u00f6neticileri, muhtarlar, \u00f6\u011fretmenler, \u00f6\u011frenciler ve \u00e7ok say\u0131da kitapsever kat\u0131ld\u0131.<br \/><\/p>\n","protected":false},"excerpt":{"rendered":"<p>Manisa\u2019n\u0131n G\u00f6rdes il\u00e7esinde, G\u00f6rdes\u2019in kurtulu\u015funun 103. y\u0131l\u0131 etkinlikleri kapsam\u0131nda d\u00fczenlenen yazar Emine Ataman Ko\u00e7\u2019un imza t\u00f6reni b\u00fcy\u00fck ilgi g\u00f6rd\u00fc. G\u00f6rdesli yedi kad\u0131n\u0131n ger\u00e7ek hayat hik\u00e2yelerini konu alan &#8220;G\u00f6rdes\u2019in Kahraman K\u0131z\u0131 Makbule\u2019nin Torunlar\u0131&#8221; adl\u0131 kitab\u0131 i\u00e7in belediye \u00e7ay bah\u00e7esinde kurulan stantta okurlar\u0131yla bulu\u015fan Ko\u00e7, kitab\u0131n\u0131 imzalayarak sevenleriyle bol bol foto\u011fraf \u00e7ektirdi. Zorlu ya\u015fam hik\u00e2yesiyle dikkat \u00e7eken&#8230;<\/p>\n","protected":false},"author":1,"featured_media":53197,"comment_status":"open","ping_status":"open","sticky":false,"template":"","format":"standard","meta":{"_crdt_document":"","footnotes":""},"categories":[1],"tags":[],"class_list":["post-53196","post","type-post","status-publish","format-standard","has-post-thumbnail","hentry","category-guncel"],"_links":{"self":[{"href":"https:\/\/www.egemtv.com\/index.php?rest_route=\/wp\/v2\/posts\/53196","targetHints":{"allow":["GET"]}}],"collection":[{"href":"https:\/\/www.egemtv.com\/index.php?rest_route=\/wp\/v2\/posts"}],"about":[{"href":"https:\/\/www.egemtv.com\/index.php?rest_route=\/wp\/v2\/types\/post"}],"author":[{"embeddable":true,"href":"https:\/\/www.egemtv.com\/index.php?rest_route=\/wp\/v2\/users\/1"}],"replies":[{"embeddable":true,"href":"https:\/\/www.egemtv.com\/index.php?rest_route=%2Fwp%2Fv2%2Fcomments&post=53196"}],"version-history":[{"count":1,"href":"https:\/\/www.egemtv.com\/index.php?rest_route=\/wp\/v2\/posts\/53196\/revisions"}],"predecessor-version":[{"id":53198,"href":"https:\/\/www.egemtv.com\/index.php?rest_route=\/wp\/v2\/posts\/53196\/revisions\/53198"}],"wp:featuredmedia":[{"embeddable":true,"href":"https:\/\/www.egemtv.com\/index.php?rest_route=\/wp\/v2\/media\/53197"}],"wp:attachment":[{"href":"https:\/\/www.egemtv.com\/index.php?rest_route=%2Fwp%2Fv2%2Fmedia&parent=53196"}],"wp:term":[{"taxonomy":"category","embeddable":true,"href":"https:\/\/www.egemtv.com\/index.php?rest_route=%2Fwp%2Fv2%2Fcategories&post=53196"},{"taxonomy":"post_tag","embeddable":true,"href":"https:\/\/www.egemtv.com\/index.php?rest_route=%2Fwp%2Fv2%2Ftags&post=53196"}],"curies":[{"name":"wp","href":"https:\/\/api.w.org\/{rel}","templated":true}]}}