{"id":53193,"date":"2025-09-07T12:14:45","date_gmt":"2025-09-07T09:14:45","guid":{"rendered":"https:\/\/www.egemtv.com\/?p=53193"},"modified":"2025-09-07T12:14:46","modified_gmt":"2025-09-07T09:14:46","slug":"acil-cagri-hizmetleri-koordinasyon-komisyon-toplantisi-yapildi","status":"publish","type":"post","link":"https:\/\/www.egemtv.com\/?p=53193","title":{"rendered":"Acil \u00c7a\u011fr\u0131 Hizmetleri Koordinasyon Komisyon toplant\u0131s\u0131 yap\u0131ld\u0131"},"content":{"rendered":"<p>Acil \u00c7a\u011fr\u0131 Hizmetleri Koordinasyon Komisyonu Toplant\u0131s\u0131, Mu\u011fla 112 Acil \u00c7a\u011fr\u0131 Merkezi M\u00fcd\u00fcrl\u00fc\u011f\u00fc ev sahipli\u011finde, Vali Yard\u0131mc\u0131s\u0131 ve Y\u0130KOB Ba\u015fkan\u0131 Halil Serdar Cevhero\u011flu ba\u015fkanl\u0131\u011f\u0131nda ger\u00e7ekle\u015ftirildi.<br \/>\n<br \/>Eyl\u00fcl ay\u0131 toplant\u0131s\u0131na komisyon \u00fcyesi kurumlar\u0131n temsilcileri kat\u0131l\u0131rken, Mu\u011fla genelinde acil \u00e7a\u011fr\u0131 hizmetlerine ili\u015fkin istatistiksel veriler, kalite ve standardizasyon \u00e7al\u0131\u015fmalar\u0131, \u00f6zellikle trafik kazalar\u0131na y\u00f6nelik ihbar s\u00fcre\u00e7leri ve al\u0131nacak tedbirler ele al\u0131nd\u0131.<br \/>\n<br \/>De\u011ferlendirmelerde, 112 Acil \u00c7a\u011fr\u0131 Merkezi\u2019nin vatanda\u015flara daha etkin, h\u0131zl\u0131 ve koordineli \u015fekilde hizmet sunabilmesi amac\u0131yla kurumlar aras\u0131 ileti\u015fimin g\u00fc\u00e7lendirilmesi, i\u015fleyi\u015fte ortaya \u00e7\u0131kan ihtiya\u00e7lar\u0131n kar\u015f\u0131lanmas\u0131 ve acil durumlara y\u00f6nelik \u00f6nleyici tedbirlerin art\u0131r\u0131lmas\u0131 y\u00f6n\u00fcnde kararlar al\u0131nd\u0131.<br \/><\/p>\n","protected":false},"excerpt":{"rendered":"<p>Acil \u00c7a\u011fr\u0131 Hizmetleri Koordinasyon Komisyonu Toplant\u0131s\u0131, Mu\u011fla 112 Acil \u00c7a\u011fr\u0131 Merkezi M\u00fcd\u00fcrl\u00fc\u011f\u00fc ev sahipli\u011finde, Vali Yard\u0131mc\u0131s\u0131 ve Y\u0130KOB Ba\u015fkan\u0131 Halil Serdar Cevhero\u011flu ba\u015fkanl\u0131\u011f\u0131nda ger\u00e7ekle\u015ftirildi. Eyl\u00fcl ay\u0131 toplant\u0131s\u0131na komisyon \u00fcyesi kurumlar\u0131n temsilcileri kat\u0131l\u0131rken, Mu\u011fla genelinde acil \u00e7a\u011fr\u0131 hizmetlerine ili\u015fkin istatistiksel veriler, kalite ve standardizasyon \u00e7al\u0131\u015fmalar\u0131, \u00f6zellikle trafik kazalar\u0131na y\u00f6nelik ihbar s\u00fcre\u00e7leri ve al\u0131nacak tedbirler ele al\u0131nd\u0131&#8230;.<\/p>\n","protected":false},"author":1,"featured_media":53194,"comment_status":"open","ping_status":"open","sticky":false,"template":"","format":"standard","meta":{"_crdt_document":"","footnotes":""},"categories":[5],"tags":[],"class_list":["post-53193","post","type-post","status-publish","format-standard","has-post-thumbnail","hentry","category-asayis"],"_links":{"self":[{"href":"https:\/\/www.egemtv.com\/index.php?rest_route=\/wp\/v2\/posts\/53193","targetHints":{"allow":["GET"]}}],"collection":[{"href":"https:\/\/www.egemtv.com\/index.php?rest_route=\/wp\/v2\/posts"}],"about":[{"href":"https:\/\/www.egemtv.com\/index.php?rest_route=\/wp\/v2\/types\/post"}],"author":[{"embeddable":true,"href":"https:\/\/www.egemtv.com\/index.php?rest_route=\/wp\/v2\/users\/1"}],"replies":[{"embeddable":true,"href":"https:\/\/www.egemtv.com\/index.php?rest_route=%2Fwp%2Fv2%2Fcomments&post=53193"}],"version-history":[{"count":1,"href":"https:\/\/www.egemtv.com\/index.php?rest_route=\/wp\/v2\/posts\/53193\/revisions"}],"predecessor-version":[{"id":53195,"href":"https:\/\/www.egemtv.com\/index.php?rest_route=\/wp\/v2\/posts\/53193\/revisions\/53195"}],"wp:featuredmedia":[{"embeddable":true,"href":"https:\/\/www.egemtv.com\/index.php?rest_route=\/wp\/v2\/media\/53194"}],"wp:attachment":[{"href":"https:\/\/www.egemtv.com\/index.php?rest_route=%2Fwp%2Fv2%2Fmedia&parent=53193"}],"wp:term":[{"taxonomy":"category","embeddable":true,"href":"https:\/\/www.egemtv.com\/index.php?rest_route=%2Fwp%2Fv2%2Fcategories&post=53193"},{"taxonomy":"post_tag","embeddable":true,"href":"https:\/\/www.egemtv.com\/index.php?rest_route=%2Fwp%2Fv2%2Ftags&post=53193"}],"curies":[{"name":"wp","href":"https:\/\/api.w.org\/{rel}","templated":true}]}}