{"id":53190,"date":"2025-09-07T12:14:44","date_gmt":"2025-09-07T09:14:44","guid":{"rendered":"https:\/\/www.egemtv.com\/?p=53190"},"modified":"2025-09-07T12:14:45","modified_gmt":"2025-09-07T09:14:45","slug":"sarigolde-55-kiloluk-uzum-salkimi","status":"publish","type":"post","link":"https:\/\/www.egemtv.com\/?p=53190","title":{"rendered":"Sar\u0131g\u00f6l\u2019de 5,5 kiloluk \u00fcz\u00fcm salk\u0131m\u0131"},"content":{"rendered":"<p>Manisa\u2019n\u0131n Sar\u0131g\u00f6l il\u00e7esinde \u00fcz\u00fcm hasad\u0131 s\u0131ras\u0131nda bulunan 5 kilo 500 graml\u0131k dev salk\u0131m ilgi oda\u011f\u0131 oldu.<br \/>\n<br \/>Ba\u011fdan kesilerek kasaya getirilen \u00fcz\u00fcm salk\u0131m\u0131, a\u011f\u0131rl\u0131\u011f\u0131yla adeta kasay\u0131 doldurdu. Kasaya yaln\u0131zca birka\u00e7 salk\u0131mla birlikte yerle\u015ftirilebilen \u00fcz\u00fcm, hasat i\u015f\u00e7ilerini de ilgi oda\u011f\u0131 oldu.<br \/>\n<br \/>Kasa d\u00f6\u015feyen kad\u0131n i\u015f\u00e7iler, bu b\u00fcy\u00fckl\u00fckte salk\u0131mlar\u0131n nadiren g\u00f6r\u00fcld\u00fc\u011f\u00fcn\u00fc belirterek, &#8220;Allah verdi mi veriyor&#8221; diyerek sevin\u00e7lerini dile getirdi. \u0130\u015f\u00e7iler, dev salk\u0131mla hat\u0131ra foto\u011fraf\u0131 da \u00e7ektirdi.<br \/><\/p>\n","protected":false},"excerpt":{"rendered":"<p>Manisa\u2019n\u0131n Sar\u0131g\u00f6l il\u00e7esinde \u00fcz\u00fcm hasad\u0131 s\u0131ras\u0131nda bulunan 5 kilo 500 graml\u0131k dev salk\u0131m ilgi oda\u011f\u0131 oldu. Ba\u011fdan kesilerek kasaya getirilen \u00fcz\u00fcm salk\u0131m\u0131, a\u011f\u0131rl\u0131\u011f\u0131yla adeta kasay\u0131 doldurdu. Kasaya yaln\u0131zca birka\u00e7 salk\u0131mla birlikte yerle\u015ftirilebilen \u00fcz\u00fcm, hasat i\u015f\u00e7ilerini de ilgi oda\u011f\u0131 oldu. Kasa d\u00f6\u015feyen kad\u0131n i\u015f\u00e7iler, bu b\u00fcy\u00fckl\u00fckte salk\u0131mlar\u0131n nadiren g\u00f6r\u00fcld\u00fc\u011f\u00fcn\u00fc belirterek, &#8220;Allah verdi mi veriyor&#8221; diyerek sevin\u00e7lerini&#8230;<\/p>\n","protected":false},"author":1,"featured_media":53191,"comment_status":"open","ping_status":"open","sticky":false,"template":"","format":"standard","meta":{"_crdt_document":"","footnotes":""},"categories":[125],"tags":[],"class_list":["post-53190","post","type-post","status-publish","format-standard","has-post-thumbnail","hentry","category-ekonomi"],"_links":{"self":[{"href":"https:\/\/www.egemtv.com\/index.php?rest_route=\/wp\/v2\/posts\/53190","targetHints":{"allow":["GET"]}}],"collection":[{"href":"https:\/\/www.egemtv.com\/index.php?rest_route=\/wp\/v2\/posts"}],"about":[{"href":"https:\/\/www.egemtv.com\/index.php?rest_route=\/wp\/v2\/types\/post"}],"author":[{"embeddable":true,"href":"https:\/\/www.egemtv.com\/index.php?rest_route=\/wp\/v2\/users\/1"}],"replies":[{"embeddable":true,"href":"https:\/\/www.egemtv.com\/index.php?rest_route=%2Fwp%2Fv2%2Fcomments&post=53190"}],"version-history":[{"count":1,"href":"https:\/\/www.egemtv.com\/index.php?rest_route=\/wp\/v2\/posts\/53190\/revisions"}],"predecessor-version":[{"id":53192,"href":"https:\/\/www.egemtv.com\/index.php?rest_route=\/wp\/v2\/posts\/53190\/revisions\/53192"}],"wp:featuredmedia":[{"embeddable":true,"href":"https:\/\/www.egemtv.com\/index.php?rest_route=\/wp\/v2\/media\/53191"}],"wp:attachment":[{"href":"https:\/\/www.egemtv.com\/index.php?rest_route=%2Fwp%2Fv2%2Fmedia&parent=53190"}],"wp:term":[{"taxonomy":"category","embeddable":true,"href":"https:\/\/www.egemtv.com\/index.php?rest_route=%2Fwp%2Fv2%2Fcategories&post=53190"},{"taxonomy":"post_tag","embeddable":true,"href":"https:\/\/www.egemtv.com\/index.php?rest_route=%2Fwp%2Fv2%2Ftags&post=53190"}],"curies":[{"name":"wp","href":"https:\/\/api.w.org\/{rel}","templated":true}]}}