{"id":53187,"date":"2025-09-07T12:14:44","date_gmt":"2025-09-07T09:14:44","guid":{"rendered":"https:\/\/www.egemtv.com\/?p=53187"},"modified":"2025-09-07T12:14:44","modified_gmt":"2025-09-07T09:14:44","slug":"isparta-egirdir-kara-yolunda-otomobiller-carpisti-2-yarali","status":"publish","type":"post","link":"https:\/\/www.egemtv.com\/?p=53187","title":{"rendered":"Isparta-E\u011firdir kara yolunda otomobiller \u00e7arp\u0131\u015ft\u0131: 2 yaral\u0131"},"content":{"rendered":"<p>Isparta-E\u011firdir kara yolunda iki otomobilin \u00e7arp\u0131\u015ft\u0131\u011f\u0131 kazada s\u00fcr\u00fcc\u00fcler yaraland\u0131. Yaral\u0131lar itfaiye ekiplerince kurtar\u0131larak hastaneye kald\u0131r\u0131ld\u0131.<br \/>\n<br \/>Kaza, saat 04.30 s\u0131ralar\u0131nda Isparta-E\u011firdir kara yolu Alik\u00f6y kav\u015fa\u011f\u0131nda meydana geldi. Edinilen bilgiye g\u00f6re, Cevdet N. idaresindeki 07 AZC 821 plakal\u0131 otomobil ile Ercan \u00d6. y\u00f6netimindeki 32 AAL 211 plakal\u0131 otomobil \u00e7arp\u0131\u015ft\u0131. \u00c7arp\u0131\u015fman\u0131n \u015fiddetiyle her iki ara\u00e7 s\u00fcr\u00fcc\u00fcs\u00fc yaraland\u0131. Kazay\u0131 g\u00f6ren vatanda\u015flar\u0131n ihbar\u0131 \u00fczerine olay yerine polis, itfaiye ve sa\u011fl\u0131k ekipleri sevk edildi. \u0130tfaiye ekiplerince ara\u00e7lardan \u00e7\u0131kar\u0131lan yaral\u0131lar, sa\u011fl\u0131k ekiplerine teslim edildi. \u0130lk m\u00fcdahalelerinin ard\u0131ndan ambulansla hastanelere kald\u0131r\u0131lan s\u00fcr\u00fcc\u00fcler tedavi alt\u0131na al\u0131nd\u0131. Kaza ile ilgili inceleme ba\u015flat\u0131ld\u0131.<br \/><\/p>\n","protected":false},"excerpt":{"rendered":"<p>Isparta-E\u011firdir kara yolunda iki otomobilin \u00e7arp\u0131\u015ft\u0131\u011f\u0131 kazada s\u00fcr\u00fcc\u00fcler yaraland\u0131. Yaral\u0131lar itfaiye ekiplerince kurtar\u0131larak hastaneye kald\u0131r\u0131ld\u0131. Kaza, saat 04.30 s\u0131ralar\u0131nda Isparta-E\u011firdir kara yolu Alik\u00f6y kav\u015fa\u011f\u0131nda meydana geldi. Edinilen bilgiye g\u00f6re, Cevdet N. idaresindeki 07 AZC 821 plakal\u0131 otomobil ile Ercan \u00d6. y\u00f6netimindeki 32 AAL 211 plakal\u0131 otomobil \u00e7arp\u0131\u015ft\u0131. \u00c7arp\u0131\u015fman\u0131n \u015fiddetiyle her iki ara\u00e7 s\u00fcr\u00fcc\u00fcs\u00fc yaraland\u0131. Kazay\u0131&#8230;<\/p>\n","protected":false},"author":1,"featured_media":53188,"comment_status":"open","ping_status":"open","sticky":false,"template":"","format":"standard","meta":{"_crdt_document":"","footnotes":""},"categories":[5],"tags":[],"class_list":["post-53187","post","type-post","status-publish","format-standard","has-post-thumbnail","hentry","category-asayis"],"_links":{"self":[{"href":"https:\/\/www.egemtv.com\/index.php?rest_route=\/wp\/v2\/posts\/53187","targetHints":{"allow":["GET"]}}],"collection":[{"href":"https:\/\/www.egemtv.com\/index.php?rest_route=\/wp\/v2\/posts"}],"about":[{"href":"https:\/\/www.egemtv.com\/index.php?rest_route=\/wp\/v2\/types\/post"}],"author":[{"embeddable":true,"href":"https:\/\/www.egemtv.com\/index.php?rest_route=\/wp\/v2\/users\/1"}],"replies":[{"embeddable":true,"href":"https:\/\/www.egemtv.com\/index.php?rest_route=%2Fwp%2Fv2%2Fcomments&post=53187"}],"version-history":[{"count":1,"href":"https:\/\/www.egemtv.com\/index.php?rest_route=\/wp\/v2\/posts\/53187\/revisions"}],"predecessor-version":[{"id":53189,"href":"https:\/\/www.egemtv.com\/index.php?rest_route=\/wp\/v2\/posts\/53187\/revisions\/53189"}],"wp:featuredmedia":[{"embeddable":true,"href":"https:\/\/www.egemtv.com\/index.php?rest_route=\/wp\/v2\/media\/53188"}],"wp:attachment":[{"href":"https:\/\/www.egemtv.com\/index.php?rest_route=%2Fwp%2Fv2%2Fmedia&parent=53187"}],"wp:term":[{"taxonomy":"category","embeddable":true,"href":"https:\/\/www.egemtv.com\/index.php?rest_route=%2Fwp%2Fv2%2Fcategories&post=53187"},{"taxonomy":"post_tag","embeddable":true,"href":"https:\/\/www.egemtv.com\/index.php?rest_route=%2Fwp%2Fv2%2Ftags&post=53187"}],"curies":[{"name":"wp","href":"https:\/\/api.w.org\/{rel}","templated":true}]}}