{"id":53181,"date":"2025-09-07T11:55:46","date_gmt":"2025-09-07T08:55:46","guid":{"rendered":"https:\/\/www.egemtv.com\/?p=53181"},"modified":"2025-09-07T11:55:47","modified_gmt":"2025-09-07T08:55:47","slug":"sularini-kaybetse-de-ziyaretcisini-kaybetmedi","status":"publish","type":"post","link":"https:\/\/www.egemtv.com\/?p=53181","title":{"rendered":"Sular\u0131n\u0131 kaybetse de ziyaret\u00e7isini kaybetmedi"},"content":{"rendered":"<p>Sular\u0131n\u0131 kaybeden T\u00fcrkiye\u2019nin ilk turistik ma\u011faras\u0131 olan \u0130nsuyu Ma\u011faras\u0131 ziyaret\u00e7ilerini a\u011f\u0131rlamaya devam ediyor.<br \/>\n<br \/>T\u00fcrkiye\u2019nin turizme a\u00e7\u0131lan ilk ma\u011faras\u0131 olma \u00f6zelli\u011fi ta\u015f\u0131yan \u0130nsuyu Ma\u011faras\u0131, Burdur- Antalya kara yolunun 13\u2019\u00fcnc\u00fc kilometresinde bulunan Sarpg\u00fcney Tepesi\u2019nin eteklerinde yer al\u0131yor. Jeolojik olarak kalkerlerden meydana gelen ve suyun etkisiyle sark\u0131tlar, dikitler ve do\u011fal dehlizler olu\u015fturdu\u011fu ma\u011fara, bir zamanlar i\u00e7erisinde yer alan 9 g\u00f6l ile sularla doluydu. \u0130nsuyu Ma\u011faras\u0131, \u00f6zellikle 1965\u2019te turizme a\u00e7\u0131ld\u0131ktan sonra \u015fifal\u0131 suyuyla da b\u00fcy\u00fck \u00fcn kazan\u0131rken, ma\u011fara suyunun \u015feker hastal\u0131\u011f\u0131na iyi geldi\u011fine dair rivayetler, T\u00fcrkiye\u2019nin d\u00f6rt bir yan\u0131ndan ve hatta yurt d\u0131\u015f\u0131ndan ziyaret\u00e7ilerin ak\u0131n etmesini sa\u011flad\u0131. Son 20 y\u0131lda iklim de\u011fi\u015fikli\u011fi, insan kaynakl\u0131 a\u015f\u0131r\u0131 su kullan\u0131m\u0131 ve \u00e7evresel etkiler nedeniyle ma\u011faradaki sular h\u0131zla \u00e7ekilmeye ba\u015flad\u0131. 2014\u2019te ma\u011faradaki b\u00fcy\u00fck g\u00f6l tamamen kurudu ve g\u00fcn\u00fcm\u00fczde g\u00f6llerin tamam\u0131nda su bulunmuyor. Ma\u011faran\u0131n yaln\u0131zca ya\u011fmur sonras\u0131 sark\u0131tlardan damlayan sular\u0131 kal\u0131rken bu durum, b\u00f6lgenin do\u011fal su d\u00f6ng\u00fcs\u00fcn\u00fcn bozuldu\u011funu ve \u0130nsuyu Ma\u011faras\u0131\u2019n\u0131n art\u0131k &#8220;fosil ma\u011fara&#8221; stat\u00fcs\u00fcne ge\u00e7ti\u011fini g\u00f6steriyor.<\/p>\n<p>Sular\u0131n\u0131 kaybetse de ziyarete engel olmad\u0131<br \/>\n<br \/>Anayola yak\u0131nl\u0131\u011f\u0131 ve T\u00fcrkiye\u2019de ilk olma \u00f6zelli\u011fine sahip oldu\u011fu i\u00e7in yerli ve yabanc\u0131 bir\u00e7ok turist taraf\u0131ndan ziyaret edilen \u0130nsuyu Ma\u011faras\u0131, g\u00f6renleri \u015fa\u015f\u0131rtmaya devam ediyor. \u00d6zellikle y\u0131llarca olu\u015fan sark\u0131tlar ziyaret\u00e7ilerin ilgisini \u00e7ekerken, ma\u011fara i\u00e7erisinde \u00e7ektikleri foto\u011fraflarla an\u0131lar\u0131n\u0131 \u00f6l\u00fcms\u00fczle\u015ftiriyor.<\/p>\n<p>&#8220;Ger\u00e7ekten do\u011fa harikas\u0131&#8221;<br \/>\n<br \/>Afyonkarahisar\u2019dan ailesi ile birlikte \u0130nsuyu Ma\u011faras\u0131\u2019n\u0131 ziyaret eden Kadir Bostan, &#8220;Biz Antalya\u2019dan Afyon\u2019a gidiyorduk. Tabelay\u0131 g\u00f6r\u00fcnce dikkatimizi \u00e7ekti. Biz de bir bakal\u0131m ma\u011faray\u0131 g\u00f6relim dedik. Ger\u00e7ekten do\u011fa harikas\u0131 bir \u015fey. Geldi\u011fimize de \u00e7ok mutlu olduk. Sark\u0131klar da \u00e7ok de\u011fi\u015fik \u015fekil alm\u0131\u015f. Bilmiyorum ka\u00e7 y\u0131l, ka\u00e7 as\u0131rda bu \u015fekli alm\u0131\u015f olabilir ama ger\u00e7ekten \u00e7ok harika bir \u015fey. Kesinlikle Antalya\u2019ya yolu d\u00fc\u015f\u00fcp u\u011framak isteyen olursa kesinlikle tavsiye ediyorum bu g\u00fczellikleri gelip g\u00f6rs\u00fcnler&#8221; dedi.<br \/><\/p>\n","protected":false},"excerpt":{"rendered":"<p>Sular\u0131n\u0131 kaybeden T\u00fcrkiye\u2019nin ilk turistik ma\u011faras\u0131 olan \u0130nsuyu Ma\u011faras\u0131 ziyaret\u00e7ilerini a\u011f\u0131rlamaya devam ediyor. T\u00fcrkiye\u2019nin turizme a\u00e7\u0131lan ilk ma\u011faras\u0131 olma \u00f6zelli\u011fi ta\u015f\u0131yan \u0130nsuyu Ma\u011faras\u0131, Burdur- Antalya kara yolunun 13\u2019\u00fcnc\u00fc kilometresinde bulunan Sarpg\u00fcney Tepesi\u2019nin eteklerinde yer al\u0131yor. Jeolojik olarak kalkerlerden meydana gelen ve suyun etkisiyle sark\u0131tlar, dikitler ve do\u011fal dehlizler olu\u015fturdu\u011fu ma\u011fara, bir zamanlar i\u00e7erisinde yer alan&#8230;<\/p>\n","protected":false},"author":1,"featured_media":53182,"comment_status":"open","ping_status":"open","sticky":false,"template":"","format":"standard","meta":{"_crdt_document":"","footnotes":""},"categories":[1],"tags":[],"class_list":["post-53181","post","type-post","status-publish","format-standard","has-post-thumbnail","hentry","category-guncel"],"_links":{"self":[{"href":"https:\/\/www.egemtv.com\/index.php?rest_route=\/wp\/v2\/posts\/53181","targetHints":{"allow":["GET"]}}],"collection":[{"href":"https:\/\/www.egemtv.com\/index.php?rest_route=\/wp\/v2\/posts"}],"about":[{"href":"https:\/\/www.egemtv.com\/index.php?rest_route=\/wp\/v2\/types\/post"}],"author":[{"embeddable":true,"href":"https:\/\/www.egemtv.com\/index.php?rest_route=\/wp\/v2\/users\/1"}],"replies":[{"embeddable":true,"href":"https:\/\/www.egemtv.com\/index.php?rest_route=%2Fwp%2Fv2%2Fcomments&post=53181"}],"version-history":[{"count":1,"href":"https:\/\/www.egemtv.com\/index.php?rest_route=\/wp\/v2\/posts\/53181\/revisions"}],"predecessor-version":[{"id":53183,"href":"https:\/\/www.egemtv.com\/index.php?rest_route=\/wp\/v2\/posts\/53181\/revisions\/53183"}],"wp:featuredmedia":[{"embeddable":true,"href":"https:\/\/www.egemtv.com\/index.php?rest_route=\/wp\/v2\/media\/53182"}],"wp:attachment":[{"href":"https:\/\/www.egemtv.com\/index.php?rest_route=%2Fwp%2Fv2%2Fmedia&parent=53181"}],"wp:term":[{"taxonomy":"category","embeddable":true,"href":"https:\/\/www.egemtv.com\/index.php?rest_route=%2Fwp%2Fv2%2Fcategories&post=53181"},{"taxonomy":"post_tag","embeddable":true,"href":"https:\/\/www.egemtv.com\/index.php?rest_route=%2Fwp%2Fv2%2Ftags&post=53181"}],"curies":[{"name":"wp","href":"https:\/\/api.w.org\/{rel}","templated":true}]}}