{"id":53178,"date":"2025-09-07T11:35:39","date_gmt":"2025-09-07T08:35:39","guid":{"rendered":"https:\/\/www.egemtv.com\/?p=53178"},"modified":"2025-09-07T11:35:40","modified_gmt":"2025-09-07T08:35:40","slug":"burdur-antalya-kara-yolunda-otomobil-yandi","status":"publish","type":"post","link":"https:\/\/www.egemtv.com\/?p=53178","title":{"rendered":"Burdur-Antalya kara yolunda otomobil yand\u0131"},"content":{"rendered":"<p>Burdur-Antalya kara yolunda otomobilde \u00e7\u0131kan yang\u0131na itfaiye ekipleri m\u00fcdahale ederken, ara\u00e7 kullan\u0131lmaz hale geldi.<br \/>\n<br \/>Olay, Burdur &#8211; Antalya kara yolu K\u0131z\u0131lkaya Kav\u015fa\u011f\u0131\u2019nda meydana geldi. Edinilen bilgiye g\u00f6re, otomobil seyir halindeyken bilinmeyen bir sebepten yanmaya ba\u015flad\u0131. S\u00fcr\u00fcc\u00fc otomobili durdurarak inerken ihbar \u00fczerine adrese itfaiye ve jandarma ekipleri sevk edildi. Jandarma ekipleri taraf\u0131ndan \u00e7evrede g\u00fcvenlik \u00f6nemi al\u0131nd\u0131. Olay yerine gelen itfaiye ekipleri taraf\u0131ndan yang\u0131n s\u00f6nd\u00fcr\u00fcld\u00fc. Otomobil yang\u0131n sebebiyle kullan\u0131lmaz hale gelirken olayda yaralanan kimse olmad\u0131.<br \/><\/p>\n","protected":false},"excerpt":{"rendered":"<p>Burdur-Antalya kara yolunda otomobilde \u00e7\u0131kan yang\u0131na itfaiye ekipleri m\u00fcdahale ederken, ara\u00e7 kullan\u0131lmaz hale geldi. Olay, Burdur &#8211; Antalya kara yolu K\u0131z\u0131lkaya Kav\u015fa\u011f\u0131\u2019nda meydana geldi. Edinilen bilgiye g\u00f6re, otomobil seyir halindeyken bilinmeyen bir sebepten yanmaya ba\u015flad\u0131. S\u00fcr\u00fcc\u00fc otomobili durdurarak inerken ihbar \u00fczerine adrese itfaiye ve jandarma ekipleri sevk edildi. Jandarma ekipleri taraf\u0131ndan \u00e7evrede g\u00fcvenlik \u00f6nemi al\u0131nd\u0131&#8230;.<\/p>\n","protected":false},"author":1,"featured_media":53179,"comment_status":"open","ping_status":"open","sticky":false,"template":"","format":"standard","meta":{"_crdt_document":"","footnotes":""},"categories":[5],"tags":[],"class_list":["post-53178","post","type-post","status-publish","format-standard","has-post-thumbnail","hentry","category-asayis"],"_links":{"self":[{"href":"https:\/\/www.egemtv.com\/index.php?rest_route=\/wp\/v2\/posts\/53178","targetHints":{"allow":["GET"]}}],"collection":[{"href":"https:\/\/www.egemtv.com\/index.php?rest_route=\/wp\/v2\/posts"}],"about":[{"href":"https:\/\/www.egemtv.com\/index.php?rest_route=\/wp\/v2\/types\/post"}],"author":[{"embeddable":true,"href":"https:\/\/www.egemtv.com\/index.php?rest_route=\/wp\/v2\/users\/1"}],"replies":[{"embeddable":true,"href":"https:\/\/www.egemtv.com\/index.php?rest_route=%2Fwp%2Fv2%2Fcomments&post=53178"}],"version-history":[{"count":1,"href":"https:\/\/www.egemtv.com\/index.php?rest_route=\/wp\/v2\/posts\/53178\/revisions"}],"predecessor-version":[{"id":53180,"href":"https:\/\/www.egemtv.com\/index.php?rest_route=\/wp\/v2\/posts\/53178\/revisions\/53180"}],"wp:featuredmedia":[{"embeddable":true,"href":"https:\/\/www.egemtv.com\/index.php?rest_route=\/wp\/v2\/media\/53179"}],"wp:attachment":[{"href":"https:\/\/www.egemtv.com\/index.php?rest_route=%2Fwp%2Fv2%2Fmedia&parent=53178"}],"wp:term":[{"taxonomy":"category","embeddable":true,"href":"https:\/\/www.egemtv.com\/index.php?rest_route=%2Fwp%2Fv2%2Fcategories&post=53178"},{"taxonomy":"post_tag","embeddable":true,"href":"https:\/\/www.egemtv.com\/index.php?rest_route=%2Fwp%2Fv2%2Ftags&post=53178"}],"curies":[{"name":"wp","href":"https:\/\/api.w.org\/{rel}","templated":true}]}}