{"id":53172,"date":"2025-09-07T11:35:37","date_gmt":"2025-09-07T08:35:37","guid":{"rendered":"https:\/\/www.egemtv.com\/?p=53172"},"modified":"2025-09-07T11:35:38","modified_gmt":"2025-09-07T08:35:38","slug":"mezar-tasi-degil-herkes-yesin-uyarisi","status":"publish","type":"post","link":"https:\/\/www.egemtv.com\/?p=53172","title":{"rendered":"Mezar ta\u015f\u0131 de\u011fil, \u2018herkes yesin\u2019 uyar\u0131s\u0131"},"content":{"rendered":"<p>Ayd\u0131n\u2019da pek \u00e7ok \u00fcr\u00fcn\u00fcn hasat sezonunda \u00e7ift\u00e7ilerin en b\u00fcy\u00fck s\u0131k\u0131nt\u0131s\u0131 bah\u00e7esinden izinsiz yenilen meyve olurken K\u00f6\u015fk il\u00e7esine ba\u011fl\u0131 K\u0131rsal Il\u0131da\u011f Mahallesi\u2019nde bir \u00e7ift\u00e7i, herkesin bah\u00e7esinden incir yemesi i\u00e7in mermer levha diktirdi. Kar\u015f\u0131dan bak\u0131ld\u0131\u011f\u0131nda mezar ta\u015f\u0131na and\u0131ran mermer levhaya &#8220;Hayratt\u0131r. Bu incirlerden c\u00fcmle herkes yiyebilir&#8221; yaz\u0131s\u0131 g\u00f6renleri \u015fa\u015f\u0131rt\u0131yor.<br \/>\n<br \/>Edinilen bilgiye g\u00f6re, gelenek ve g\u00f6reneklerine ba\u011fl\u0131l\u0131\u011f\u0131 ve \u00e7al\u0131\u015fkanl\u0131\u011f\u0131 ile bilinen yakla\u015f\u0131k 2 bin n\u00fcfusa sahip K\u00f6\u015fk \u0130l\u00e7esi\u2019ne ba\u011fl\u0131 K\u0131rsal Il\u0131da\u011f Mahallesi yolu \u00fczerinde bulunan bir incir bah\u00e7esinin yola bakan k\u0131sm\u0131na dikilmi\u015f mezar ta\u015f\u0131 gibi bir levha g\u00f6renleri \u015fa\u015f\u0131rt\u0131yor. \u0130lk bak\u0131\u015fta bah\u00e7enin giri\u015finde bir mezar oldu\u011fu izlenimi veren ta\u015f\u0131n asl\u0131nda bir mezar ta\u015f\u0131 de\u011fil isteyen herkesin bu bah\u00e7eden incir yiyebilece\u011fini a\u00e7\u0131klayan bir mermer levha oldu\u011fu g\u00f6r\u00fcl\u00fcyor.<br \/>\n<br \/>Mermer levhan\u0131n k\u00f6y\u00fcn sakinlerinden Hac\u0131 Muhammet G\u00f6kc\u00fck\u2019\u00fcn varisleri taraf\u0131ndan dikildi\u011fi \u00f6\u011frenilirken, b\u00f6lgedeki incir a\u011fa\u00e7lar\u0131n meyvesini herkesin yemesinin serbest oldu\u011fu \u00f6\u011frenildi.<br \/><\/p>\n","protected":false},"excerpt":{"rendered":"<p>Ayd\u0131n\u2019da pek \u00e7ok \u00fcr\u00fcn\u00fcn hasat sezonunda \u00e7ift\u00e7ilerin en b\u00fcy\u00fck s\u0131k\u0131nt\u0131s\u0131 bah\u00e7esinden izinsiz yenilen meyve olurken K\u00f6\u015fk il\u00e7esine ba\u011fl\u0131 K\u0131rsal Il\u0131da\u011f Mahallesi\u2019nde bir \u00e7ift\u00e7i, herkesin bah\u00e7esinden incir yemesi i\u00e7in mermer levha diktirdi. Kar\u015f\u0131dan bak\u0131ld\u0131\u011f\u0131nda mezar ta\u015f\u0131na and\u0131ran mermer levhaya &#8220;Hayratt\u0131r. Bu incirlerden c\u00fcmle herkes yiyebilir&#8221; yaz\u0131s\u0131 g\u00f6renleri \u015fa\u015f\u0131rt\u0131yor. Edinilen bilgiye g\u00f6re, gelenek ve g\u00f6reneklerine ba\u011fl\u0131l\u0131\u011f\u0131 ve&#8230;<\/p>\n","protected":false},"author":1,"featured_media":53173,"comment_status":"open","ping_status":"open","sticky":false,"template":"","format":"standard","meta":{"_crdt_document":"","footnotes":""},"categories":[1],"tags":[],"class_list":["post-53172","post","type-post","status-publish","format-standard","has-post-thumbnail","hentry","category-guncel"],"_links":{"self":[{"href":"https:\/\/www.egemtv.com\/index.php?rest_route=\/wp\/v2\/posts\/53172","targetHints":{"allow":["GET"]}}],"collection":[{"href":"https:\/\/www.egemtv.com\/index.php?rest_route=\/wp\/v2\/posts"}],"about":[{"href":"https:\/\/www.egemtv.com\/index.php?rest_route=\/wp\/v2\/types\/post"}],"author":[{"embeddable":true,"href":"https:\/\/www.egemtv.com\/index.php?rest_route=\/wp\/v2\/users\/1"}],"replies":[{"embeddable":true,"href":"https:\/\/www.egemtv.com\/index.php?rest_route=%2Fwp%2Fv2%2Fcomments&post=53172"}],"version-history":[{"count":1,"href":"https:\/\/www.egemtv.com\/index.php?rest_route=\/wp\/v2\/posts\/53172\/revisions"}],"predecessor-version":[{"id":53174,"href":"https:\/\/www.egemtv.com\/index.php?rest_route=\/wp\/v2\/posts\/53172\/revisions\/53174"}],"wp:featuredmedia":[{"embeddable":true,"href":"https:\/\/www.egemtv.com\/index.php?rest_route=\/wp\/v2\/media\/53173"}],"wp:attachment":[{"href":"https:\/\/www.egemtv.com\/index.php?rest_route=%2Fwp%2Fv2%2Fmedia&parent=53172"}],"wp:term":[{"taxonomy":"category","embeddable":true,"href":"https:\/\/www.egemtv.com\/index.php?rest_route=%2Fwp%2Fv2%2Fcategories&post=53172"},{"taxonomy":"post_tag","embeddable":true,"href":"https:\/\/www.egemtv.com\/index.php?rest_route=%2Fwp%2Fv2%2Ftags&post=53172"}],"curies":[{"name":"wp","href":"https:\/\/api.w.org\/{rel}","templated":true}]}}