{"id":53169,"date":"2025-09-07T11:35:36","date_gmt":"2025-09-07T08:35:36","guid":{"rendered":"https:\/\/www.egemtv.com\/?p=53169"},"modified":"2025-09-07T11:35:37","modified_gmt":"2025-09-07T08:35:37","slug":"domanicte-takla-atan-otomobilde-3-kisi-yaralandi","status":"publish","type":"post","link":"https:\/\/www.egemtv.com\/?p=53169","title":{"rendered":"Domani\u00e7\u2019te takla atan otomobilde 3 ki\u015fi yaraland\u0131"},"content":{"rendered":"<p>K\u00fctahya\u2019n\u0131n Domani\u00e7 il\u00e7esinde otomobilin yoldan \u00e7\u0131karak takla atmas\u0131 sonucu meydana gelen kazada 3 ki\u015fi yaraland\u0131.<br \/>\n<br \/>Kaza, il\u00e7eye ba\u011fl\u0131 Sar\u0131ot k\u00f6y\u00fcnde gece saatlerinde meydana geldi. Sar\u0131ot istikametinden Domani\u00e7 y\u00f6n\u00fcne seyreden Y.B. y\u00f6netimindeki 16 BUF 535 plakal\u0131 otomobil, s\u00fcr\u00fcc\u00fcs\u00fcn\u00fcn direksiyon h\u00e2kimiyetini kaybetmesi sonucu yoldan \u00e7\u0131karak takla att\u0131. Kazada ara\u00e7 s\u00fcr\u00fcc\u00fcs\u00fc Y.B., ara\u00e7ta yolcu olarak bulunan S.E. ve F.U. yaraland\u0131. Yaral\u0131lar olay yerine gelen 112 Acil Servis ekipleri taraf\u0131ndan Tav\u015fanl\u0131 Do\u00e7. Dr. Mustafa Kalemli Devlet Hastanesine kald\u0131r\u0131larak tedavi alt\u0131na al\u0131nd\u0131. Yaral\u0131lar\u0131n hayati tehlikelerinin bulunmad\u0131\u011f\u0131 \u00f6\u011frenildi.<br \/>\n<br \/>Kazayla ilgili olarak soru\u015fturma s\u00fcr\u00fcyor.<br \/><\/p>\n","protected":false},"excerpt":{"rendered":"<p>K\u00fctahya\u2019n\u0131n Domani\u00e7 il\u00e7esinde otomobilin yoldan \u00e7\u0131karak takla atmas\u0131 sonucu meydana gelen kazada 3 ki\u015fi yaraland\u0131. Kaza, il\u00e7eye ba\u011fl\u0131 Sar\u0131ot k\u00f6y\u00fcnde gece saatlerinde meydana geldi. Sar\u0131ot istikametinden Domani\u00e7 y\u00f6n\u00fcne seyreden Y.B. y\u00f6netimindeki 16 BUF 535 plakal\u0131 otomobil, s\u00fcr\u00fcc\u00fcs\u00fcn\u00fcn direksiyon h\u00e2kimiyetini kaybetmesi sonucu yoldan \u00e7\u0131karak takla att\u0131. Kazada ara\u00e7 s\u00fcr\u00fcc\u00fcs\u00fc Y.B., ara\u00e7ta yolcu olarak bulunan S.E. ve&#8230;<\/p>\n","protected":false},"author":1,"featured_media":53170,"comment_status":"open","ping_status":"open","sticky":false,"template":"","format":"standard","meta":{"_crdt_document":"","footnotes":""},"categories":[5],"tags":[],"class_list":["post-53169","post","type-post","status-publish","format-standard","has-post-thumbnail","hentry","category-asayis"],"_links":{"self":[{"href":"https:\/\/www.egemtv.com\/index.php?rest_route=\/wp\/v2\/posts\/53169","targetHints":{"allow":["GET"]}}],"collection":[{"href":"https:\/\/www.egemtv.com\/index.php?rest_route=\/wp\/v2\/posts"}],"about":[{"href":"https:\/\/www.egemtv.com\/index.php?rest_route=\/wp\/v2\/types\/post"}],"author":[{"embeddable":true,"href":"https:\/\/www.egemtv.com\/index.php?rest_route=\/wp\/v2\/users\/1"}],"replies":[{"embeddable":true,"href":"https:\/\/www.egemtv.com\/index.php?rest_route=%2Fwp%2Fv2%2Fcomments&post=53169"}],"version-history":[{"count":1,"href":"https:\/\/www.egemtv.com\/index.php?rest_route=\/wp\/v2\/posts\/53169\/revisions"}],"predecessor-version":[{"id":53171,"href":"https:\/\/www.egemtv.com\/index.php?rest_route=\/wp\/v2\/posts\/53169\/revisions\/53171"}],"wp:featuredmedia":[{"embeddable":true,"href":"https:\/\/www.egemtv.com\/index.php?rest_route=\/wp\/v2\/media\/53170"}],"wp:attachment":[{"href":"https:\/\/www.egemtv.com\/index.php?rest_route=%2Fwp%2Fv2%2Fmedia&parent=53169"}],"wp:term":[{"taxonomy":"category","embeddable":true,"href":"https:\/\/www.egemtv.com\/index.php?rest_route=%2Fwp%2Fv2%2Fcategories&post=53169"},{"taxonomy":"post_tag","embeddable":true,"href":"https:\/\/www.egemtv.com\/index.php?rest_route=%2Fwp%2Fv2%2Ftags&post=53169"}],"curies":[{"name":"wp","href":"https:\/\/api.w.org\/{rel}","templated":true}]}}